{"id":11172,"date":"2015-10-20T13:36:18","date_gmt":"2015-10-20T10:36:18","guid":{"rendered":"http:\/\/balcilar-blog.com\/?p=11172"},"modified":"2015-10-20T15:40:56","modified_gmt":"2015-10-20T12:40:56","slug":"hazal-kayanin-maral-en-guzel-hikayem-neden-bitiyor","status":"publish","type":"post","link":"https:\/\/balcilar-blog.com\/?p=11172","title":{"rendered":"Hazal Kaya&#8217;n\u0131n &#8220;Maral En G\u00fczel Hikayem&#8221; neden bitiyor?"},"content":{"rendered":"<p><a href=\"http:\/\/balcilar-blog.com\/wp-content\/uploads\/2015\/09\/maral-en-g\u00fczel.jpg\"><img loading=\"lazy\" decoding=\"async\" class=\"alignnone size-full wp-image-10834\" src=\"http:\/\/balcilar-blog.com\/wp-content\/uploads\/2015\/09\/maral-en-g\u00fczel.jpg\" alt=\"maral-en-g\u00fczel\" width=\"640\" height=\"360\" srcset=\"https:\/\/balcilar-blog.com\/wp-content\/uploads\/2015\/09\/maral-en-g\u00fczel.jpg 640w, https:\/\/balcilar-blog.com\/wp-content\/uploads\/2015\/09\/maral-en-g\u00fczel-300x169.jpg 300w\" sizes=\"auto, (max-width: 640px) 100vw, 640px\" \/><\/a><\/p>\n<p>Ba\u015f rollerini <span style=\"color: #ff0000;\"><strong>Hazal Kaya<\/strong><\/span> ve <span style=\"color: #ff0000;\"><strong>Aras Bulut \u0130ynemli<\/strong><\/span>&#8216;nin oynad\u0131\u011f\u0131 &#8220;<span style=\"color: #ff0000;\"><strong>Maral En G\u00fczel Hikayem<\/strong><\/span>&#8221; TV8 y\u00f6netimi final karar\u0131 alm\u0131\u015f. Nedense beklenen reytingleri bir t\u00fcrl\u00fc alamam\u0131\u015ft\u0131.\u00a0Dizi 29 Ekim 17.b\u00f6l\u00fcmde final yapacakm\u0131\u015f.<\/p>\n<p>Ge\u00e7en mart ay\u0131nda ba\u015flayan dizi ge\u00e7ti\u011fimiz May\u0131s ay\u0131nda 12.b\u00f6l\u00fcmde sezon finali yapm\u0131\u015ft\u0131. Maral dizisi TV8 ile 28 b\u00f6l\u00fcm anla\u015fma yapm\u0131\u015ft\u0131. Ancak TV8 y\u00f6netimi \u00e7ok d\u00fc\u015f\u00fck olan reytingler kar\u015f\u0131s\u0131nda bu karar\u0131 alm\u0131\u015ft\u0131r.<\/p>\n<p>Bu Hazal Kaya&#8217;n\u0131n \u015fans\u0131zl\u0131\u011f\u0131 m\u0131 diyelim. Yaz\u0131k oldu g\u00fczelim diziye, reyting kurban\u0131 oldu.<\/p>\n<p>Maral yeni sezonda son \u00fc\u00e7 b\u00f6l\u00fcm reytingleri:<\/p>\n<p>1 \u00a0Ekim : 13.B\u00f6l\u00fcm Total: 1.46 reyinng puan\u0131 ile 30.s\u0131rada. AB: 2,75 ile 12.s\u0131rada.<\/p>\n<p>8 \u00a0Ekim : 14.B\u00f6l\u00fcm Total: 1,18 reyting puan\u0131 ile 40.s\u0131rada. AB: 1,55 ile 20.s\u0131rada.<\/p>\n<p>15 Ekim : 15.B\u00f6l\u00fcm Total: 1,23 reyting puan\u0131 ile 36.s\u0131rada. AB: 1,74 ile 18.s\u0131rada yer alm\u0131\u015ft\u0131r.<\/p>\n<p>G\u00f6r\u00fcld\u00fc\u011f\u00fc gibi reytingler olduk\u00e7a d\u00fc\u015f\u00fck. TV8 y\u00f6netimi de bu karar\u0131 alm\u0131\u015ft\u0131r.<\/p>\n<p>Ba\u015frol oyuncular\u0131 Hazal Kaya ve Aras Bulut \u0130ynemli Maral\u0131n ilk ba\u015flad\u0131\u011f\u0131 g\u00fcnlerde, &#8220;<strong>Aram\u0131zda Kals\u0131n<\/strong>&#8221; program\u0131na konuk olmu\u015flar ve o zaman duygular\u0131n\u0131 \u015f\u00f6yle payla\u015fm\u0131\u015flard\u0131r. Hazal Kaya \u201c<strong>Maral<\/strong>: En G\u00fczel Hikayem\u201dle yeniden sevenlerinin kar\u015f\u0131s\u0131na \u00e7\u0131kan Hazal Kaya, \u201cBir dizi yapmam bekleniyordu. Benden beklenen hep \u00e7ok a\u011flamamd\u0131r ya. \u0130lk defa a\u011flamad\u0131\u011f\u0131m, sadece bir sahnesinde a\u011flad\u0131\u011f\u0131m bir birinci b\u00f6l\u00fcm oldu. O y\u00fczden \u00e7ok mutluyum. Zaten bizi tavlayan \u015fey senaryo idi. Ama bizim senaryoda okudu\u011fumuz umuda ihtiyac\u0131m\u0131z vard\u0131.<\/p>\n<p>Baz\u0131 dizi ve filmler vard\u0131r. \u0130zledikten bir s\u00fcre sonra tekrar o tebess\u00fcm y\u00fcz\u00fcn\u00fczde kal\u0131r ve bu iyi bir \u015feydir. Tekrar izlemek istersiniz. Maral: En G\u00fczel Hikayem de \u00f6yle. O y\u00fczden en g\u00fczel hikayelerimizden biri olmu\u015f\u201d diye konu\u015fmu\u015ftur.<\/p>\n<p>Halbuki Hazal Kaya&#8217;n\u0131n binlerce seveni ve fan\u0131 mevcuttur. Bu karar\u0131 en \u00e7ok onlar \u00fcz\u00fclm\u00fc\u015flerdir.<\/p>\n<p>Hazal Kaya <span style=\"color: #0000ff;\"><strong>A\u015fk-\u0131 Memnu<\/strong><\/span> dizisinden sonra, 2011 y\u0131l\u0131nda <span style=\"color: #ff0000;\"><strong>\u00c7a\u011fatay Ulusoy<\/strong> <\/span>ile &#8220;<span style=\"color: #0000ff;\"><strong>Ad\u0131n\u0131 Feriha Koydum<\/strong><\/span>&#8221; dizisinde m\u00fcthi\u015f bir uyum yakalam\u0131\u015ft\u0131. 2.sezon sonunda (Haziran 2012) Hazal Kaya diziden ayr\u0131lm\u0131\u015f ve finalinde &#8216;Feriha&#8217; karakteri \u00f6ld\u00fcr\u00fclm\u00fc\u015ft\u00fc.<\/p>\n<p><a href=\"http:\/\/balcilar-blog.com\/wp-content\/uploads\/2014\/06\/Ekran-Al\u0131nt\u0131s\u0131.PNGafk67.4.png\"><img loading=\"lazy\" decoding=\"async\" class=\"alignnone size-full wp-image-2522\" src=\"http:\/\/balcilar-blog.com\/wp-content\/uploads\/2014\/06\/Ekran-Al\u0131nt\u0131s\u0131.PNGafk67.4.png\" alt=\"Ekran Al\u0131nt\u0131s\u0131.PNGafk67.4\" width=\"744\" height=\"424\" srcset=\"https:\/\/balcilar-blog.com\/wp-content\/uploads\/2014\/06\/Ekran-Al\u0131nt\u0131s\u0131.PNGafk67.4.png 744w, https:\/\/balcilar-blog.com\/wp-content\/uploads\/2014\/06\/Ekran-Al\u0131nt\u0131s\u0131.PNGafk67.4-300x170.png 300w\" sizes=\"auto, (max-width: 744px) 100vw, 744px\" \/><\/a><\/p>\n<p>Daha sonra &#8216;<span style=\"color: #0000ff;\"><strong>Son Yaz Balkanlar 1912<\/strong><\/span>&#8216; dizisine <span style=\"color: #ff0000;\"><strong>Tardu Flordun<\/strong><\/span> ile ba\u015flam\u0131\u015f, o dizi de 4-5 b\u00f6l\u00fcm sonra yay\u0131ndan kald\u0131r\u0131lm\u0131\u015f, beklenen reytingleri almam\u0131\u015ft\u0131.<\/p>\n<p><a href=\"http:\/\/balcilar-blog.com\/wp-content\/uploads\/2015\/10\/son-yaz.jpg\"><img loading=\"lazy\" decoding=\"async\" class=\"alignnone size-full wp-image-11173\" src=\"http:\/\/balcilar-blog.com\/wp-content\/uploads\/2015\/10\/son-yaz.jpg\" alt=\"son yaz\" width=\"525\" height=\"480\" srcset=\"https:\/\/balcilar-blog.com\/wp-content\/uploads\/2015\/10\/son-yaz.jpg 525w, https:\/\/balcilar-blog.com\/wp-content\/uploads\/2015\/10\/son-yaz-300x274.jpg 300w\" sizes=\"auto, (max-width: 525px) 100vw, 525px\" \/><\/a><\/p>\n<p>Bundan sonra Hazal Kaya, 2013 yap\u0131m\u0131 a\u015fk ve drama dizisi <span style=\"color: #0000ff;\"><strong>A.\u015e.K&#8217;<\/strong><\/span>ta, ( Kanal D) <span style=\"color: #ff0000;\"><strong>Hakan Kurta\u015f<\/strong><\/span> ile ba\u015frol oynam\u0131\u015f ve \u00a0bu dizide 13 b\u00f6l\u00fcmde final yapmak zorunda kalm\u0131\u015f reyting kurban\u0131 olmu\u015ftur.<\/p>\n<p><a href=\"http:\/\/balcilar-blog.com\/wp-content\/uploads\/2015\/10\/ask-dizi-seti-cekimleri-hazal-kaya-31.jpg\"><img loading=\"lazy\" decoding=\"async\" class=\"alignnone size-full wp-image-11180\" src=\"http:\/\/balcilar-blog.com\/wp-content\/uploads\/2015\/10\/ask-dizi-seti-cekimleri-hazal-kaya-31.jpg\" alt=\"ask-dizi-seti-cekimleri-hazal-kaya-3\" width=\"640\" height=\"427\" srcset=\"https:\/\/balcilar-blog.com\/wp-content\/uploads\/2015\/10\/ask-dizi-seti-cekimleri-hazal-kaya-31.jpg 640w, https:\/\/balcilar-blog.com\/wp-content\/uploads\/2015\/10\/ask-dizi-seti-cekimleri-hazal-kaya-31-300x200.jpg 300w\" sizes=\"auto, (max-width: 640px) 100vw, 640px\" \/><\/a><\/p>\n<p>Hazal Kaya sonraki 2014 \u00e7ok titiz davranm\u0131\u015f hi\u00e7 bir dizide rol almam\u0131\u015ft\u0131. 2015 Mart ay\u0131nda TV8 yap\u0131m\u0131 olan Maral dizisini kabul etmi\u015f, Aras Bulut \u0130ynemli ile ba\u015frol oynam\u0131\u015ft\u0131r. Maalesef bu dizi de reyting kurban\u0131 oluyor.<\/p>\n<p><a href=\"http:\/\/balcilar-blog.com\/wp-content\/uploads\/2015\/10\/hazal-aras.jpg\"><img loading=\"lazy\" decoding=\"async\" class=\"alignnone size-full wp-image-11175\" src=\"http:\/\/balcilar-blog.com\/wp-content\/uploads\/2015\/10\/hazal-aras.jpg\" alt=\"hazal-aras\" width=\"640\" height=\"361\" srcset=\"https:\/\/balcilar-blog.com\/wp-content\/uploads\/2015\/10\/hazal-aras.jpg 640w, https:\/\/balcilar-blog.com\/wp-content\/uploads\/2015\/10\/hazal-aras-300x169.jpg 300w\" sizes=\"auto, (max-width: 640px) 100vw, 640px\" \/><\/a><\/p>\n<p>Peki, Maral&#8217;\u0131n bitme nedenlerine gelelim. Tv8 reytinglere bakarak diziye son veriyor. Kanal hakl\u0131, tabi ki reytinglere, dolay\u0131s\u0131 ile reklam gelirlerine bakar. \u0130\u015fin en ba\u015f\u0131nda Hazal Kaya bu diziyi kabul ederken, kanal se\u00e7imi yanl\u0131\u015ft\u0131. Tv8 Acun Il\u0131cal\u0131 ile daha \u00e7ok e\u011flence kanal\u0131 olarak yay\u0131n yap\u0131yor, \u00f6yle biliniyordu.<\/p>\n<p>Konu g\u00fczeldi, ancak partner konusunda uyumsuzluk var m\u0131yd\u0131, ben pek g\u00f6remedim. Asl\u0131nda aralar\u0131nda uyum vard\u0131. \u0130zleyici daha \u00f6nceden Feriha ile Emir aras\u0131ndaki a\u015fk\u0131 unutamad\u0131klar\u0131 i\u00e7in hep onlar\u0131 g\u00f6rmek istediler. Bu istek hala daha devam ediyor.<\/p>\n<p>\u0130smini vermekte mahsur g\u00f6rmedi\u011fim, Yurt D\u0131\u015f\u0131ndan\u00a0<strong>Keyvan Shakiba<\/strong>\u00a0adl\u0131 bir okuyucum taraf\u0131ma att\u0131\u011f\u0131 mailde <strong>Maral<\/strong> final karar\u0131n\u0131n nedenleri hakk\u0131nda neler yazm\u0131\u015f. Aynen aktar\u0131yorum.<\/p>\n<p>&#8220;<strong>Neden? Cunku Hazal Kaya ve Aras Bulutlu arasindaki uyum yoktu, nokta. Bunu kabul edin art\u0131k! Hazal Kaya bugune kadar sadece Cagatay Ulusoy&#8217;la muthis bi uyum yakalad\u0131. Zaten bu muthis uymu sayesinde Feriha-Emir askini izleyiciye aktardi. Onlarin yakalad\u0131gi uyumu hic kimseyle yakalayamaz. Hazal ve Cagatay (HAZATAY) efsane oldular yerini kimse alamaz.<\/strong>&#8221;<\/p>\n<p>Hazal Kaya ile \u00c7a\u011fatay Ulusoy&#8217;un ortak Fanlar\u0131 ve sevenleri onlar\u0131 hala bir dizide oynamas\u0131n\u0131 istiyorlar. Onlar\u0131n ilk dizileri &#8220;Ad\u0131n\u0131 Feriha Koydum&#8221; hala d\u00fcnyan\u0131n bir \u00e7ok \u00fclkesinde g\u00f6sterime girdi, oynad\u0131 ve devam edenleri var. Bu nedenledir ki onlar\u0131n yurt d\u0131\u015f\u0131nda da binlerce fan\u0131 var.<\/p>\n<p><a href=\"http:\/\/balcilar-blog.com\/wp-content\/uploads\/2015\/10\/adini-feriha-koydum-50-bolum.jpg\"><img loading=\"lazy\" decoding=\"async\" class=\"alignnone size-full wp-image-11174\" src=\"http:\/\/balcilar-blog.com\/wp-content\/uploads\/2015\/10\/adini-feriha-koydum-50-bolum.jpg\" alt=\"adini-feriha-koydum-50-bolum\" width=\"640\" height=\"465\" srcset=\"https:\/\/balcilar-blog.com\/wp-content\/uploads\/2015\/10\/adini-feriha-koydum-50-bolum.jpg 640w, https:\/\/balcilar-blog.com\/wp-content\/uploads\/2015\/10\/adini-feriha-koydum-50-bolum-300x218.jpg 300w\" sizes=\"auto, (max-width: 640px) 100vw, 640px\" \/><\/a><\/p>\n<p>\u015eayet Ay Yap\u0131m,<strong> \u00c7a\u011fatay Ulusoy<\/strong>&#8216;un yeni dizisi i\u00e7in Merve Bolu\u011fur Dalk\u0131l\u0131\u00e7 ile anla\u015fmam\u0131\u015f olsayd\u0131. \u015eimdi yeni bir dizi i\u00e7in tekrar bir araya gelebilirlerdi?<\/p>\n<p>Evet, Maral bitiyor. Oysa ki beklenen reytingleri alsayd\u0131 pek ala devam edebilirdi. Hazal Kaya art\u0131k bundan sonra ne yapacak? G\u00fczel, g\u00fczel oldu\u011fu kadar da yetenekli bir oyuncumuz. Bir g\u00fcn bu \u015fans\u0131zl\u0131\u011f\u0131n\u0131 k\u0131racakt\u0131r.<\/p>\n<p><a href=\"http:\/\/balcilar-blog.com\/wp-content\/uploads\/2015\/07\/hazal_kaya.jpg\"><img loading=\"lazy\" decoding=\"async\" class=\"alignnone size-full wp-image-10205\" src=\"http:\/\/balcilar-blog.com\/wp-content\/uploads\/2015\/07\/hazal_kaya.jpg\" alt=\"hazal_kaya\" width=\"640\" height=\"360\" srcset=\"https:\/\/balcilar-blog.com\/wp-content\/uploads\/2015\/07\/hazal_kaya.jpg 640w, https:\/\/balcilar-blog.com\/wp-content\/uploads\/2015\/07\/hazal_kaya-300x169.jpg 300w\" sizes=\"auto, (max-width: 640px) 100vw, 640px\" \/><\/a><\/p>\n<p>31 Aral\u0131k 2013 y\u0131l\u0131nda yazd\u0131\u011f\u0131m, &#8220;A.\u015e.K. final yapt\u0131 ve bitti! \/ Peki neden?&#8221; Blog yaz\u0131m\u0131n sonunda yazd\u0131\u011f\u0131m ayn\u0131 c\u00fcmleyi buraya da tekrar koyuyorum.<\/p>\n<p>&#8220;<strong><span style=\"color: #ff0000;\">Hazal Kaya<\/span><\/strong>, dilerim bu son yar\u0131m kalan dizin olsun. Y\u00fcz\u00fcn hep g\u00fcls\u00fcn, baht\u0131n a\u00e7\u0131k olsun. Umutma sevenlerin senin yan\u0131nda ve arkanda.&#8221;<\/p>\n<p>Sayg\u0131lar ve sevgiler.<\/p>\n<p>Abdurrahman Balc\u0131lar<\/p>\n<p>Twitter: abdurrahman balc\u0131lar@abbalcilar<\/p>\n<p>Mail : <a href=\"mailto:ab.balcilar@hotmail.com\">ab.balcilar@hotmail.com<\/a><\/p>\n<p>Blog:\u00a0<a href=\"http:\/\/t.co\/znqmIZgIqn\">blog.milliyet.com.tr\/cansever<\/a><\/p>\n<p>Blog:\u00a0<strong>balcilar<\/strong>&#8211;<strong>blog.com<\/strong><\/p>\n<p>&nbsp;<\/p>\n<p>Not: Kaynak haber, Dedikodu \u00c7ocuk Twitter sayfas\u0131ndan al\u0131nm\u0131\u015ft\u0131r.<\/p>\n<p>&nbsp;<\/p>\n<pre><\/pre>\n","protected":false},"excerpt":{"rendered":"<p>Ba\u015f rollerini Hazal Kaya ve Aras Bulut \u0130ynemli&#8216;nin oynad\u0131\u011f\u0131 &#8220;Maral En G\u00fczel Hikayem&#8221; TV8 y\u00f6netimi final karar\u0131 alm\u0131\u015f. Nedense beklenen reytingleri bir t\u00fcrl\u00fc alamam\u0131\u015ft\u0131.\u00a0Dizi 29 Ekim 17.b\u00f6l\u00fcmde final yapacakm\u0131\u015f. Ge\u00e7en mart ay\u0131nda ba\u015flayan dizi ge\u00e7ti\u011fimiz May\u0131s ay\u0131nda 12.b\u00f6l\u00fcmde sezon finali yapm\u0131\u015ft\u0131. Maral dizisi TV8 ile 28 b\u00f6l\u00fcm anla\u015fma yapm\u0131\u015ft\u0131. Ancak TV8 y\u00f6netimi \u00e7ok d\u00fc\u015f\u00fck olan [&hellip;]<\/p>\n","protected":false},"author":3,"featured_media":0,"comment_status":"open","ping_status":"open","sticky":false,"template":"","format":"standard","meta":{"footnotes":""},"categories":[2],"tags":[533,19,534,392],"class_list":["post-11172","post","type-post","status-publish","format-standard","hentry","category-tv-programlari","tag-aras-bulut-iynemli","tag-hazal-kaya","tag-maral","tag-tv8"],"views":14673,"blog_post_layout_featured_media_urls":{"thumbnail":"","full":""},"categories_names":{"2":{"name":"TV Programlar\u0131","link":"https:\/\/balcilar-blog.com\/?cat=2"}},"tags_names":{"533":{"name":"Aras Bulut \u0130ynemli","link":"https:\/\/balcilar-blog.com\/?tag=aras-bulut-iynemli"},"19":{"name":"Hazal Kaya","link":"https:\/\/balcilar-blog.com\/?tag=hazal-kaya"},"534":{"name":"Maral","link":"https:\/\/balcilar-blog.com\/?tag=maral"},"392":{"name":"Tv8","link":"https:\/\/balcilar-blog.com\/?tag=tv8"}},"comments_number":"1","wpmagazine_modules_lite_featured_media_urls":{"thumbnail":"","cvmm-medium":"","cvmm-medium-plus":"","cvmm-portrait":"","cvmm-medium-square":"","cvmm-large":"","cvmm-small":"","full":""},"_links":{"self":[{"href":"https:\/\/balcilar-blog.com\/index.php?rest_route=\/wp\/v2\/posts\/11172","targetHints":{"allow":["GET"]}}],"collection":[{"href":"https:\/\/balcilar-blog.com\/index.php?rest_route=\/wp\/v2\/posts"}],"about":[{"href":"https:\/\/balcilar-blog.com\/index.php?rest_route=\/wp\/v2\/types\/post"}],"author":[{"embeddable":true,"href":"https:\/\/balcilar-blog.com\/index.php?rest_route=\/wp\/v2\/users\/3"}],"replies":[{"embeddable":true,"href":"https:\/\/balcilar-blog.com\/index.php?rest_route=%2Fwp%2Fv2%2Fcomments&post=11172"}],"version-history":[{"count":7,"href":"https:\/\/balcilar-blog.com\/index.php?rest_route=\/wp\/v2\/posts\/11172\/revisions"}],"predecessor-version":[{"id":11187,"href":"https:\/\/balcilar-blog.com\/index.php?rest_route=\/wp\/v2\/posts\/11172\/revisions\/11187"}],"wp:attachment":[{"href":"https:\/\/balcilar-blog.com\/index.php?rest_route=%2Fwp%2Fv2%2Fmedia&parent=11172"}],"wp:term":[{"taxonomy":"category","embeddable":true,"href":"https:\/\/balcilar-blog.com\/index.php?rest_route=%2Fwp%2Fv2%2Fcategories&post=11172"},{"taxonomy":"post_tag","embeddable":true,"href":"https:\/\/balcilar-blog.com\/index.php?rest_route=%2Fwp%2Fv2%2Ftags&post=11172"}],"curies":[{"name":"wp","href":"https:\/\/api.w.org\/{rel}","templated":true}]}}