{"id":10881,"date":"2015-09-28T22:12:38","date_gmt":"2015-09-28T19:12:38","guid":{"rendered":"http:\/\/balcilar-blog.com\/?p=10881"},"modified":"2015-09-28T22:12:38","modified_gmt":"2015-09-28T19:12:38","slug":"ay-yapimin-iddiasi-turkiye-kara-sevdaya-tutulacak","status":"publish","type":"post","link":"https:\/\/balcilar-blog.com\/?p=10881","title":{"rendered":"Ay Yap\u0131m&#8217;\u0131n iddias\u0131; T\u00fcrkiye Kara Sevda&#8217;ya tutulacak!"},"content":{"rendered":"<p><a href=\"http:\/\/balcilar-blog.com\/wp-content\/uploads\/2015\/09\/N\u0130HAN-KEMAL.jpg\"><img loading=\"lazy\" decoding=\"async\" class=\"alignnone size-full wp-image-10882\" src=\"http:\/\/balcilar-blog.com\/wp-content\/uploads\/2015\/09\/N\u0130HAN-KEMAL.jpg\" alt=\"N\u0130HAN-KEMAL\" width=\"496\" height=\"480\" srcset=\"https:\/\/balcilar-blog.com\/wp-content\/uploads\/2015\/09\/N\u0130HAN-KEMAL.jpg 496w, https:\/\/balcilar-blog.com\/wp-content\/uploads\/2015\/09\/N\u0130HAN-KEMAL-300x290.jpg 300w\" sizes=\"auto, (max-width: 496px) 100vw, 496px\" \/><\/a><\/p>\n<p>Ay yap\u0131m imzal\u0131, Burak \u00d6z\u00e7ivit, Neslihan Atag\u00fcl, Zerrin Tekindor, K\u00fcr\u015fat Aln\u0131a\u00e7\u0131k, Kaan Urganc\u0131o\u011flu, Melisa Asl\u0131 Pamuk ve Burak Sergen&#8217;in rol ald\u0131\u011f\u0131 Kara Sevda izleyiciyle bulu\u015fmak i\u00e7in g\u00fcn say\u0131yor!<\/p>\n<p>Hilal Saral&#8217;\u0131n y\u00f6netmenli\u011fini, An\u0131l Eke, \u00d6zlem Y\u0131lmaz ve Burcu G\u00f6rg\u00fcn&#8217;\u00fcn senaristli\u011fini \u00fcstlendi\u011fi dizi, ilk b\u00f6l\u00fcmden itibaren oyuncu kadrosu ve hikayesiyle milyonlara b\u00fcy\u00fcleyici bir a\u015fk ser\u00fcveni ya\u015fatacak.<\/p>\n<p>&nbsp;<\/p>\n<p><strong>TAM KADRO KARA SEVDA!<\/strong><\/p>\n<p>Ekranlar\u0131n sevilen oyuncusu Zerrin Tekindor, dizide \u015fimdiye kadar canland\u0131rd\u0131klar\u0131ndan farkl\u0131 bir karakterle izleyiciyle bulu\u015facak. Kemal&#8217;in (Burak \u00d6z\u00e7ivit) en yak\u0131n dostu Leyla karakterine hayat verecek olan oyuncu, gizemli d\u00fcnyas\u0131yla dikkatleri \u00fczerine \u00e7ekecek.<\/p>\n<p>Kaan Urganc\u0131o\u011flu ise hayat\u0131 boyunca istedi\u011fi her \u015feye kolayca sahip olan, i\u015f d\u00fcnyas\u0131n\u0131n ve sosyetenin g\u00f6zde isimlerinden biri olan Emir karakterine hayat verecek.<\/p>\n<p><a href=\"http:\/\/balcilar-blog.com\/wp-content\/uploads\/2015\/09\/BURAK-NESL\u0130HAN.jpg\"><img loading=\"lazy\" decoding=\"async\" class=\"alignnone size-full wp-image-10885\" src=\"http:\/\/balcilar-blog.com\/wp-content\/uploads\/2015\/09\/BURAK-NESL\u0130HAN.jpg\" alt=\"BURAK NESL\u0130HAN\" width=\"640\" height=\"480\" srcset=\"https:\/\/balcilar-blog.com\/wp-content\/uploads\/2015\/09\/BURAK-NESL\u0130HAN.jpg 640w, https:\/\/balcilar-blog.com\/wp-content\/uploads\/2015\/09\/BURAK-NESL\u0130HAN-300x225.jpg 300w\" sizes=\"auto, (max-width: 640px) 100vw, 640px\" \/><\/a><\/p>\n<p>Zengin oyuncu kadrosuna sahip olan dizide ayr\u0131ca; Melisa Asl\u0131 Pamuk, Bar\u0131\u015f Alpaykut, K\u00fcr\u015fat Aln\u0131a\u00e7\u0131k, Zeyno Eracar, Orhan G\u00fcner, Burak Sergen,Ne\u015fe Baykent, R\u00fczgar Aksoy, Hazal Filiz K\u00fc\u00e7\u00fckk\u00f6se, G\u00f6kay M\u00fcft\u00fco\u011flu, \u00c7a\u011fla Demir ve Metin Co\u015fkun yer al\u0131yor.<\/p>\n<p><a href=\"http:\/\/balcilar-blog.com\/wp-content\/uploads\/2015\/09\/neslihan7.jpg\"><img loading=\"lazy\" decoding=\"async\" class=\"alignnone size-full wp-image-10886\" src=\"http:\/\/balcilar-blog.com\/wp-content\/uploads\/2015\/09\/neslihan7.jpg\" alt=\"neslihan7\" width=\"422\" height=\"640\" srcset=\"https:\/\/balcilar-blog.com\/wp-content\/uploads\/2015\/09\/neslihan7.jpg 422w, https:\/\/balcilar-blog.com\/wp-content\/uploads\/2015\/09\/neslihan7-198x300.jpg 198w\" sizes=\"auto, (max-width: 422px) 100vw, 422px\" \/><\/a><\/p>\n<p>\u00c7ok yak\u0131nda Star TV ekranlar\u0131nda yay\u0131nlanmaya ba\u015flayacak olan Kara Sevda; iki ayr\u0131 d\u00fcnyaya ait olan iki gencin s\u0131rlarla \u00f6rt\u00fcl\u00fc, mucizevi a\u015fk hikayesini konu al\u0131yor.<\/p>\n<p><a href=\"http:\/\/balcilar-blog.com\/wp-content\/uploads\/2015\/09\/1-BURAK-\u00d6Z\u00c7\u0130V\u0130T-KEMAL\u0130N-A\u0130LES\u0130.jpg\"><img loading=\"lazy\" decoding=\"async\" class=\"alignnone size-full wp-image-10883\" src=\"http:\/\/balcilar-blog.com\/wp-content\/uploads\/2015\/09\/1-BURAK-\u00d6Z\u00c7\u0130V\u0130T-KEMAL\u0130N-A\u0130LES\u0130.jpg\" alt=\"1-BURAK \u00d6Z\u00c7\u0130V\u0130T -KEMAL'\u0130N A\u0130LES\u0130\" width=\"640\" height=\"354\" srcset=\"https:\/\/balcilar-blog.com\/wp-content\/uploads\/2015\/09\/1-BURAK-\u00d6Z\u00c7\u0130V\u0130T-KEMAL\u0130N-A\u0130LES\u0130.jpg 640w, https:\/\/balcilar-blog.com\/wp-content\/uploads\/2015\/09\/1-BURAK-\u00d6Z\u00c7\u0130V\u0130T-KEMAL\u0130N-A\u0130LES\u0130-300x166.jpg 300w\" sizes=\"auto, (max-width: 640px) 100vw, 640px\" \/><\/a><\/p>\n<p><strong>Fotograf alt\u0131 (1):Kemal&#8217;in (Burak \u00d6z\u00e7ivit) ailesi: anne (Fehime)Zeyno Eracar, baba (H\u00fcseyin) Orhan G\u00fcner, karde\u015fler R\u00fczgar Aksoy (Tar\u0131k) ve (Zeynep) Hazal Filiz K\u00fc\u00e7\u00fckk\u00f6se<\/strong><\/p>\n<p><a href=\"http:\/\/balcilar-blog.com\/wp-content\/uploads\/2015\/09\/2-NESL\u0130HAN-ATAGUL-N\u0130HANIN-A\u0130LES\u0130.jpg\"><img loading=\"lazy\" decoding=\"async\" class=\"alignnone size-full wp-image-10884\" src=\"http:\/\/balcilar-blog.com\/wp-content\/uploads\/2015\/09\/2-NESL\u0130HAN-ATAGUL-N\u0130HANIN-A\u0130LES\u0130.jpg\" alt=\"2-NESL\u0130HAN ATAGUL-N\u0130HAN'IN A\u0130LES\u0130\" width=\"640\" height=\"449\" srcset=\"https:\/\/balcilar-blog.com\/wp-content\/uploads\/2015\/09\/2-NESL\u0130HAN-ATAGUL-N\u0130HANIN-A\u0130LES\u0130.jpg 640w, https:\/\/balcilar-blog.com\/wp-content\/uploads\/2015\/09\/2-NESL\u0130HAN-ATAGUL-N\u0130HANIN-A\u0130LES\u0130-300x210.jpg 300w\" sizes=\"auto, (max-width: 640px) 100vw, 640px\" \/><\/a><\/p>\n<p><strong>Foto\u011fraf alt\u0131 (2):\u00a0Nihan&#8217;\u0131n (Neslihan Atag\u00fcl) ailesi: baba (\u00d6nder) K\u00fcr\u015fat Aln\u0131a\u00e7\u0131k, anne (Vildan) Ne\u015fe Baykent, erkek karde\u015f (Ozan) Bar\u0131\u015f Alpaykut<\/strong><\/p>\n<p>Kara Sevda, Ekim ay\u0131 i\u00e7inde Star Tv ekranlar\u0131nda olacak. Ay Yap\u0131m&#8217;\u0131n iddia etti\u011fi gibi, T\u00fcrkiye Kara Sevda&#8217;ya tutulacak m\u0131? Hep birlikte g\u00f6rece\u011fiz.<\/p>\n<p>Keyifli Seyirler<\/p>\n<p>Sayg\u0131lar ve sevgiler.<\/p>\n<p>Abdurrahman Balc\u0131lar<\/p>\n<p>Twitter: abdurrahman balc\u0131lar@abbalcilar<\/p>\n<p>Mail : <a href=\"mailto:ab.balcilar@hotmail.com\">ab.balcilar@hotmail.com<\/a><\/p>\n<p>Blog:\u00a0<a href=\"http:\/\/t.co\/znqmIZgIqn\">blog.milliyet.com.tr\/cansever<\/a><\/p>\n<p>Blog:\u00a0<strong>balcilar<\/strong>&#8211;<strong>blog.com<\/strong><\/p>\n<p>&nbsp;<\/p>\n<p>Not: Haber ve g\u00f6rseller Ay Yap\u0131m &#8211; Persona Sanat Bas\u0131n B\u00fclteninden al\u0131nm\u0131\u015ft\u0131r.<\/p>\n<p><strong>\u00a0<\/strong><\/p>\n<p>&nbsp;<\/p>\n","protected":false},"excerpt":{"rendered":"<p>Ay yap\u0131m imzal\u0131, Burak \u00d6z\u00e7ivit, Neslihan Atag\u00fcl, Zerrin Tekindor, K\u00fcr\u015fat Aln\u0131a\u00e7\u0131k, Kaan Urganc\u0131o\u011flu, Melisa Asl\u0131 Pamuk ve Burak Sergen&#8217;in rol ald\u0131\u011f\u0131 Kara Sevda izleyiciyle bulu\u015fmak i\u00e7in g\u00fcn say\u0131yor! Hilal Saral&#8217;\u0131n y\u00f6netmenli\u011fini, An\u0131l Eke, \u00d6zlem Y\u0131lmaz ve Burcu G\u00f6rg\u00fcn&#8217;\u00fcn senaristli\u011fini \u00fcstlendi\u011fi dizi, ilk b\u00f6l\u00fcmden itibaren oyuncu kadrosu ve hikayesiyle milyonlara b\u00fcy\u00fcleyici bir a\u015fk ser\u00fcveni ya\u015fatacak. &nbsp; [&hellip;]<\/p>\n","protected":false},"author":3,"featured_media":0,"comment_status":"open","ping_status":"open","sticky":false,"template":"","format":"standard","meta":{"footnotes":""},"categories":[2],"tags":[26,409,799,119,25],"class_list":["post-10881","post","type-post","status-publish","format-standard","hentry","category-tv-programlari","tag-ay-yapim","tag-burak-ozcivit","tag-kara-sevda","tag-neslihan-atagul","tag-star-tv"],"views":4803,"blog_post_layout_featured_media_urls":{"thumbnail":"","full":""},"categories_names":{"2":{"name":"TV Programlar\u0131","link":"https:\/\/balcilar-blog.com\/?cat=2"}},"tags_names":{"26":{"name":"Ay Yap\u0131m","link":"https:\/\/balcilar-blog.com\/?tag=ay-yapim"},"409":{"name":"Burak \u00d6z\u00e7ivit","link":"https:\/\/balcilar-blog.com\/?tag=burak-ozcivit"},"799":{"name":"Kara Sevda","link":"https:\/\/balcilar-blog.com\/?tag=kara-sevda"},"119":{"name":"Neslihan Atag\u00fcl","link":"https:\/\/balcilar-blog.com\/?tag=neslihan-atagul"},"25":{"name":"Star Tv","link":"https:\/\/balcilar-blog.com\/?tag=star-tv"}},"comments_number":"0","wpmagazine_modules_lite_featured_media_urls":{"thumbnail":"","cvmm-medium":"","cvmm-medium-plus":"","cvmm-portrait":"","cvmm-medium-square":"","cvmm-large":"","cvmm-small":"","full":""},"_links":{"self":[{"href":"https:\/\/balcilar-blog.com\/index.php?rest_route=\/wp\/v2\/posts\/10881","targetHints":{"allow":["GET"]}}],"collection":[{"href":"https:\/\/balcilar-blog.com\/index.php?rest_route=\/wp\/v2\/posts"}],"about":[{"href":"https:\/\/balcilar-blog.com\/index.php?rest_route=\/wp\/v2\/types\/post"}],"author":[{"embeddable":true,"href":"https:\/\/balcilar-blog.com\/index.php?rest_route=\/wp\/v2\/users\/3"}],"replies":[{"embeddable":true,"href":"https:\/\/balcilar-blog.com\/index.php?rest_route=%2Fwp%2Fv2%2Fcomments&post=10881"}],"version-history":[{"count":1,"href":"https:\/\/balcilar-blog.com\/index.php?rest_route=\/wp\/v2\/posts\/10881\/revisions"}],"predecessor-version":[{"id":10887,"href":"https:\/\/balcilar-blog.com\/index.php?rest_route=\/wp\/v2\/posts\/10881\/revisions\/10887"}],"wp:attachment":[{"href":"https:\/\/balcilar-blog.com\/index.php?rest_route=%2Fwp%2Fv2%2Fmedia&parent=10881"}],"wp:term":[{"taxonomy":"category","embeddable":true,"href":"https:\/\/balcilar-blog.com\/index.php?rest_route=%2Fwp%2Fv2%2Fcategories&post=10881"},{"taxonomy":"post_tag","embeddable":true,"href":"https:\/\/balcilar-blog.com\/index.php?rest_route=%2Fwp%2Fv2%2Ftags&post=10881"}],"curies":[{"name":"wp","href":"https:\/\/api.w.org\/{rel}","templated":true}]}}