{"id":10782,"date":"2015-09-18T14:32:22","date_gmt":"2015-09-18T11:32:22","guid":{"rendered":"http:\/\/balcilar-blog.com\/?p=10782"},"modified":"2015-09-18T15:23:08","modified_gmt":"2015-09-18T12:23:08","slug":"hazal-kayanin-sinema-filmi-kirik-kalpleri-bankasi-cekimleri-sona-erdi","status":"publish","type":"post","link":"https:\/\/balcilar-blog.com\/?p=10782","title":{"rendered":"Hazal Kaya&#8217;n\u0131n sinema filmi &#8220;K\u0131r\u0131k Kalpleri Bankas\u0131&#8221; \u00e7ekimleri sona erdi ve sevgilisi ile ayr\u0131 d\u00fc\u015ft\u00fc!"},"content":{"rendered":"<p><a href=\"http:\/\/balcilar-blog.com\/wp-content\/uploads\/2015\/07\/hazal_kaya.jpg\"><img loading=\"lazy\" decoding=\"async\" class=\"alignnone size-full wp-image-10205\" src=\"http:\/\/balcilar-blog.com\/wp-content\/uploads\/2015\/07\/hazal_kaya.jpg\" alt=\"hazal_kaya\" width=\"640\" height=\"360\" srcset=\"https:\/\/balcilar-blog.com\/wp-content\/uploads\/2015\/07\/hazal_kaya.jpg 640w, https:\/\/balcilar-blog.com\/wp-content\/uploads\/2015\/07\/hazal_kaya-300x169.jpg 300w\" sizes=\"auto, (max-width: 640px) 100vw, 640px\" \/><\/a><\/p>\n<p>Hazal Kaya&#8217;n\u0131n ba\u015f rol\u00fcn\u00fc Haluk Bilginer, Zerrin Tekidor, Ahmet M\u00fcmtaz Taylan ve Taner \u00d6lmez ile payla\u015ft\u0131\u011f\u0131 &#8220;K\u0131r\u0131k Kalpleri Bankas\u0131&#8221; isimli filmin \u00e7ekimleri sona erdi.<\/p>\n<p>Ay Yap\u0131m ad\u0131na Onur \u00dcnl\u00fc!n\u00fcn \u00e7ekti\u011fi film ge\u00e7ti\u011fimiz Temmuz ay\u0131 sonunda ba\u015flam\u0131\u015ft\u0131. Yo\u011fun bir set \u00e7al\u0131\u015fmas\u0131 sonunda film nihayet sona ermi\u015f, \u00e7ekimler tamamlanm\u0131\u015ft\u0131r.<\/p>\n<p><strong>Ve sevgilisi Ali Atay ile ayr\u0131 d\u00fc\u015ft\u00fc!<\/strong><\/p>\n<p>\u00dcnl\u00fc oyuncumuz Hazal Kaya, yo\u011fun ge\u00e7en \u00e7ekimler nedeniyle sevgilisi Ali Atay&#8217;la g\u00f6r\u00fc\u015fememi\u015ftir. Kaya, sevgilisine bir s\u00fcre daha hasret kalacak. \u00c7\u00fcnk\u00fc bu defa Ali Atay, &#8220;Gaza Gelen Adam&#8221; isimli filmin \u00e7ekimlerine ba\u015flad\u0131. Atay, filmde Salih Kalyon&#8217;la ba\u015f rol\u00fc payla\u015f\u0131yor.<\/p>\n<p>&nbsp;<\/p>\n<p><a href=\"http:\/\/balcilar-blog.com\/wp-content\/uploads\/2015\/09\/images-AL\u0130-ATAY.jpg\"><img loading=\"lazy\" decoding=\"async\" class=\"alignnone size-full wp-image-10784\" src=\"http:\/\/balcilar-blog.com\/wp-content\/uploads\/2015\/09\/images-AL\u0130-ATAY.jpg\" alt=\"images AL\u0130 ATAY\" width=\"640\" height=\"320\" srcset=\"https:\/\/balcilar-blog.com\/wp-content\/uploads\/2015\/09\/images-AL\u0130-ATAY.jpg 640w, https:\/\/balcilar-blog.com\/wp-content\/uploads\/2015\/09\/images-AL\u0130-ATAY-300x150.jpg 300w\" sizes=\"auto, (max-width: 640px) 100vw, 640px\" \/><\/a><\/p>\n<p>Sevenlerinin merakla bekledi\u011fi &#8220;K\u0131r\u0131k Kalpler Bankas\u0131&#8221; filminin konusu komedi -dram t\u00fcr\u00fcnde. Yap\u0131mda Shakespeare&#8217;nin \u00fcnl\u00fc eseri Romeo ve Juliet&#8217;e dayanan bir hikayesini anlat\u0131l\u0131yor. \u0130stanbul&#8217;da ge\u00e7en konuda, olmayacak bir hayalin pe\u015finden ko\u015fan \u00fc\u00e7 kahraman\u0131n trajik \u00f6yk\u00fcs\u00fc temel al\u0131nm\u0131\u015ft\u0131r.<\/p>\n<p><a href=\"http:\/\/balcilar-blog.com\/wp-content\/uploads\/2015\/07\/10296836_1030292107027593_1663689095_n.jpg\"><img loading=\"lazy\" decoding=\"async\" class=\"alignnone size-full wp-image-10204\" src=\"http:\/\/balcilar-blog.com\/wp-content\/uploads\/2015\/07\/10296836_1030292107027593_1663689095_n.jpg\" alt=\"10296836_1030292107027593_1663689095_n\" width=\"480\" height=\"480\" srcset=\"https:\/\/balcilar-blog.com\/wp-content\/uploads\/2015\/07\/10296836_1030292107027593_1663689095_n.jpg 480w, https:\/\/balcilar-blog.com\/wp-content\/uploads\/2015\/07\/10296836_1030292107027593_1663689095_n-150x150.jpg 150w, https:\/\/balcilar-blog.com\/wp-content\/uploads\/2015\/07\/10296836_1030292107027593_1663689095_n-300x300.jpg 300w\" sizes=\"auto, (max-width: 480px) 100vw, 480px\" \/><\/a><\/p>\n<p>Filmin vizyon tarihi hakk\u0131nda hen\u00fcz bir a\u00e7\u0131klama yap\u0131lmam\u0131\u015ft\u0131r. \u015eu s\u0131ralarda montaj \u00e7al\u0131\u015fmalar\u0131 yap\u0131lacakt\u0131r. Film haz\u0131r olunca, tan\u0131t\u0131m fragman\u0131 internete d\u00fc\u015fecektir.<\/p>\n<p>Tahminimce Hazal Kaya&#8217;n\u0131n K\u0131r\u0131k Kalpler Bankas\u0131 filmini Kas\u0131m ortalar\u0131nda sinemalarda g\u00f6rece\u011fiz.<\/p>\n<p>Keyifli Seyirler<\/p>\n<p>Sayg\u0131lar ve sevgiler.<\/p>\n<p>Abdurrahman Balc\u0131lar<\/p>\n<p>Twitter: abdurrahman balc\u0131lar@abbalcilar<\/p>\n<p>Mail : <a href=\"mailto:ab.balcilar@hotmail.com\">ab.balcilar@hotmail.com<\/a><\/p>\n<p>Blog:\u00a0<a href=\"http:\/\/t.co\/znqmIZgIqn\">blog.milliyet.com.tr\/cansever<\/a><\/p>\n<p>Blog:\u00a0<strong>balcilar<\/strong>&#8211;<strong>blog.com<\/strong><\/p>\n<p>&nbsp;<\/p>\n<p>Not: Sivridilli.com&#8217;un haberi. G\u00f6rseller internetten al\u0131nm\u0131\u015ft\u0131r.<\/p>\n","protected":false},"excerpt":{"rendered":"<p>Hazal Kaya&#8217;n\u0131n ba\u015f rol\u00fcn\u00fc Haluk Bilginer, Zerrin Tekidor, Ahmet M\u00fcmtaz Taylan ve Taner \u00d6lmez ile payla\u015ft\u0131\u011f\u0131 &#8220;K\u0131r\u0131k Kalpleri Bankas\u0131&#8221; isimli filmin \u00e7ekimleri sona erdi. Ay Yap\u0131m ad\u0131na Onur \u00dcnl\u00fc!n\u00fcn \u00e7ekti\u011fi film ge\u00e7ti\u011fimiz Temmuz ay\u0131 sonunda ba\u015flam\u0131\u015ft\u0131. Yo\u011fun bir set \u00e7al\u0131\u015fmas\u0131 sonunda film nihayet sona ermi\u015f, \u00e7ekimler tamamlanm\u0131\u015ft\u0131r. Ve sevgilisi Ali Atay ile ayr\u0131 d\u00fc\u015ft\u00fc! \u00dcnl\u00fc [&hellip;]<\/p>\n","protected":false},"author":3,"featured_media":0,"comment_status":"open","ping_status":"open","sticky":false,"template":"","format":"standard","meta":{"footnotes":""},"categories":[10],"tags":[788,267,789,19,838,139,28,524],"class_list":["post-10782","post","type-post","status-publish","format-standard","hentry","category-sinema","tag-ahmet-mumtaz-taylan","tag-ali-atay","tag-haluk-bilginer","tag-hazal-kaya","tag-kirik-kalpler-bankasi","tag-onur-unlu","tag-taner-olmez","tag-zerrin-tekindor"],"views":4787,"blog_post_layout_featured_media_urls":{"thumbnail":"","full":""},"categories_names":{"10":{"name":"Sinema","link":"https:\/\/balcilar-blog.com\/?cat=10"}},"tags_names":{"788":{"name":"Ahmet M\u00fcmtaz Taylan","link":"https:\/\/balcilar-blog.com\/?tag=ahmet-mumtaz-taylan"},"267":{"name":"Ali Atay","link":"https:\/\/balcilar-blog.com\/?tag=ali-atay"},"789":{"name":"Haluk Bilginer","link":"https:\/\/balcilar-blog.com\/?tag=haluk-bilginer"},"19":{"name":"Hazal Kaya","link":"https:\/\/balcilar-blog.com\/?tag=hazal-kaya"},"838":{"name":"K\u0131r\u0131k Kalpler Bankas\u0131","link":"https:\/\/balcilar-blog.com\/?tag=kirik-kalpler-bankasi"},"139":{"name":"Onur \u00dcnl\u00fc","link":"https:\/\/balcilar-blog.com\/?tag=onur-unlu"},"28":{"name":"Taner \u00d6lmez","link":"https:\/\/balcilar-blog.com\/?tag=taner-olmez"},"524":{"name":"Zerrin Tekindor","link":"https:\/\/balcilar-blog.com\/?tag=zerrin-tekindor"}},"comments_number":"0","wpmagazine_modules_lite_featured_media_urls":{"thumbnail":"","cvmm-medium":"","cvmm-medium-plus":"","cvmm-portrait":"","cvmm-medium-square":"","cvmm-large":"","cvmm-small":"","full":""},"_links":{"self":[{"href":"https:\/\/balcilar-blog.com\/index.php?rest_route=\/wp\/v2\/posts\/10782","targetHints":{"allow":["GET"]}}],"collection":[{"href":"https:\/\/balcilar-blog.com\/index.php?rest_route=\/wp\/v2\/posts"}],"about":[{"href":"https:\/\/balcilar-blog.com\/index.php?rest_route=\/wp\/v2\/types\/post"}],"author":[{"embeddable":true,"href":"https:\/\/balcilar-blog.com\/index.php?rest_route=\/wp\/v2\/users\/3"}],"replies":[{"embeddable":true,"href":"https:\/\/balcilar-blog.com\/index.php?rest_route=%2Fwp%2Fv2%2Fcomments&post=10782"}],"version-history":[{"count":6,"href":"https:\/\/balcilar-blog.com\/index.php?rest_route=\/wp\/v2\/posts\/10782\/revisions"}],"predecessor-version":[{"id":10789,"href":"https:\/\/balcilar-blog.com\/index.php?rest_route=\/wp\/v2\/posts\/10782\/revisions\/10789"}],"wp:attachment":[{"href":"https:\/\/balcilar-blog.com\/index.php?rest_route=%2Fwp%2Fv2%2Fmedia&parent=10782"}],"wp:term":[{"taxonomy":"category","embeddable":true,"href":"https:\/\/balcilar-blog.com\/index.php?rest_route=%2Fwp%2Fv2%2Fcategories&post=10782"},{"taxonomy":"post_tag","embeddable":true,"href":"https:\/\/balcilar-blog.com\/index.php?rest_route=%2Fwp%2Fv2%2Ftags&post=10782"}],"curies":[{"name":"wp","href":"https:\/\/api.w.org\/{rel}","templated":true}]}}