{"id":10676,"date":"2015-09-09T15:44:10","date_gmt":"2015-09-09T12:44:10","guid":{"rendered":"http:\/\/balcilar-blog.com\/?p=10676"},"modified":"2015-09-09T21:36:09","modified_gmt":"2015-09-09T18:36:09","slug":"samanyolu-tv-yeni-sezonu-12-yapimla-aciyor","status":"publish","type":"post","link":"https:\/\/balcilar-blog.com\/?p=10676","title":{"rendered":"Samanyolu TV  Yeni Sezonu 12 Yap\u0131mla A\u00e7\u0131yor!"},"content":{"rendered":"<p class=\"ecxMsoNormal\" align=\"center\"><a href=\"http:\/\/balcilar-blog.com\/wp-content\/uploads\/2015\/09\/image002.jpg\"><img loading=\"lazy\" decoding=\"async\" class=\"alignnone size-full wp-image-10681\" src=\"http:\/\/balcilar-blog.com\/wp-content\/uploads\/2015\/09\/image002.jpg\" alt=\"image002\" width=\"642\" height=\"287\" srcset=\"https:\/\/balcilar-blog.com\/wp-content\/uploads\/2015\/09\/image002.jpg 642w, https:\/\/balcilar-blog.com\/wp-content\/uploads\/2015\/09\/image002-300x134.jpg 300w\" sizes=\"auto, (max-width: 642px) 100vw, 642px\" \/><\/a><\/p>\n<p class=\"ecxMsoNormal\" align=\"center\">Yeni sezon haz\u0131rl\u0131klar\u0131n\u0131 tamamlayan <b>Samanyolu TV<\/b>,\u00a0 \u00fc\u00e7\u00fc yeni dizi olmak \u00fczere <b>12 <\/b>yap\u0131mla yeni sezonu a\u00e7\u0131yor.<\/p>\n<p class=\"ecxMsoNormal\">Yaz sezonunun geride kalmas\u0131yla beraber Samanyolu TV, yeni d\u00f6nem start\u0131n\u0131 verdi. A\u00e7\u0131klanan yay\u0131n takvimine g\u00f6re ge\u00e7ti\u011fimiz sezon yay\u0131nlanan ve bu d\u00f6nem izleyicilerle bulu\u015fmaya haz\u0131rlanan yap\u0131mlar <b>14 Eyl\u00fcl<\/b>\u2019den itibaren ekranlarda olacak.<\/p>\n<p class=\"ecxMsoNormal\">Yeni sezonda Samanyolu TV&#8217;de Madencilerin hikayesini konu alan <b>\u201cModern Habil Kabil\u201d<\/b>,<b>\u00a0<\/b>bir ya\u015fam m\u00fccadelesinin anlat\u0131ld\u0131\u011f\u0131 \u201c<b>Azim Kahraman\u0131 Ay\u015fe\u201d <\/b>ve\u00a0bir aile dram\u0131 olan \u201c<b>\u00c7\u0131nar\u0131n G\u00f6lgesinde\u201d<\/b> gibi \u00fc\u00e7 yeni yap\u0131m\u0131n yan\u0131 s\u0131ra s\u00fcrpriz oyuncu transferleriyle b\u00fcy\u00fck ses getiren \u201c<b>K\u00fc\u00e7\u00fck Gelin\u201d<\/b>, aksiyon dizilerinin ba\u015far\u0131l\u0131 yap\u0131mlar\u0131ndan \u201c<b>Ekip 1\u201d<\/b> ve T\u00fcrkiye\u2019nin uzun soluk g\u00fcnl\u00fck dizilerinden \u201c<b>\u0130ki D\u00fcnya Aras\u0131nda\u201d<\/b> <b>14 Eyl\u00fcl<\/b> haftas\u0131ndan itibaren ekranlarda olacak.\u00a0K\u0131sa bir s\u00fcrede fenomen bir dizi haline gelen\u00a0<b>Sungurlar<\/b>\u00a0da \u00e7ok yak\u0131nda izleyicilerle bulu\u015fmaya haz\u0131rlan\u0131yor.<\/p>\n<p class=\"ecxMsoNormal\">16 y\u0131ld\u0131r ekranlarda olan <b>Ye\u015fil Elma<\/b>, ev han\u0131mlar\u0131n\u0131n ilgiyle izledi\u011fi programlardan G\u00fclenay ile \u00a0<b>Pasta B\u00f6rek,<\/b> en ba\u015far\u0131l\u0131 belgeseller aras\u0131nda yer alan <b>Ayna <\/b>ve gezi programlar\u0131n\u0131n vazge\u00e7ilmezi <b>Macerac\u0131 <\/b>da yeni d\u00f6nemde kald\u0131\u011f\u0131 yerden devam ediyor.<\/p>\n<p class=\"ecxMsoNormal\">Samanyolu Tv. Yap\u0131mlar\u0131ndan G\u00f6rseller:<\/p>\n<p class=\"ecxMsoNormal\">K\u00dc\u00c7\u00dcK GEL\u0130N:<\/p>\n<p class=\"ecxMsoNormal\"><a href=\"http:\/\/balcilar-blog.com\/wp-content\/uploads\/2015\/09\/kucukgelin-2.jpg\"><img loading=\"lazy\" decoding=\"async\" class=\"alignnone size-full wp-image-10683\" src=\"http:\/\/balcilar-blog.com\/wp-content\/uploads\/2015\/09\/kucukgelin-2.jpg\" alt=\"kucukgelin (2)\" width=\"640\" height=\"427\" srcset=\"https:\/\/balcilar-blog.com\/wp-content\/uploads\/2015\/09\/kucukgelin-2.jpg 640w, https:\/\/balcilar-blog.com\/wp-content\/uploads\/2015\/09\/kucukgelin-2-300x200.jpg 300w\" sizes=\"auto, (max-width: 640px) 100vw, 640px\" \/><\/a><\/p>\n<p class=\"ecxMsoNormal\"><a href=\"http:\/\/balcilar-blog.com\/wp-content\/uploads\/2015\/09\/kucukgelin-1.jpg\"><img loading=\"lazy\" decoding=\"async\" class=\"alignnone size-full wp-image-10682\" src=\"http:\/\/balcilar-blog.com\/wp-content\/uploads\/2015\/09\/kucukgelin-1.jpg\" alt=\"kucukgelin (1)\" width=\"640\" height=\"360\" srcset=\"https:\/\/balcilar-blog.com\/wp-content\/uploads\/2015\/09\/kucukgelin-1.jpg 640w, https:\/\/balcilar-blog.com\/wp-content\/uploads\/2015\/09\/kucukgelin-1-300x169.jpg 300w\" sizes=\"auto, (max-width: 640px) 100vw, 640px\" \/><\/a><\/p>\n<p class=\"ecxMsoNormal\">MODERN HAB\u0130L KAB\u0130L :<\/p>\n<p class=\"ecxMsoNormal\"><a href=\"http:\/\/balcilar-blog.com\/wp-content\/uploads\/2015\/09\/mhabilkabil-1.jpg\"><img loading=\"lazy\" decoding=\"async\" class=\"alignnone size-full wp-image-10684\" src=\"http:\/\/balcilar-blog.com\/wp-content\/uploads\/2015\/09\/mhabilkabil-1.jpg\" alt=\"mhabilkabil (1)\" width=\"640\" height=\"360\" srcset=\"https:\/\/balcilar-blog.com\/wp-content\/uploads\/2015\/09\/mhabilkabil-1.jpg 640w, https:\/\/balcilar-blog.com\/wp-content\/uploads\/2015\/09\/mhabilkabil-1-300x169.jpg 300w\" sizes=\"auto, (max-width: 640px) 100vw, 640px\" \/><\/a><\/p>\n<p class=\"ecxMsoNormal\"><a href=\"http:\/\/balcilar-blog.com\/wp-content\/uploads\/2015\/09\/mhabilkabil-2.jpg\"><img loading=\"lazy\" decoding=\"async\" class=\"alignnone size-full wp-image-10685\" src=\"http:\/\/balcilar-blog.com\/wp-content\/uploads\/2015\/09\/mhabilkabil-2.jpg\" alt=\"mhabilkabil (2)\" width=\"640\" height=\"360\" srcset=\"https:\/\/balcilar-blog.com\/wp-content\/uploads\/2015\/09\/mhabilkabil-2.jpg 640w, https:\/\/balcilar-blog.com\/wp-content\/uploads\/2015\/09\/mhabilkabil-2-300x169.jpg 300w\" sizes=\"auto, (max-width: 640px) 100vw, 640px\" \/><\/a><\/p>\n<p class=\"ecxMsoNormal\">EK\u0130P 1:<\/p>\n<p class=\"ecxMsoNormal\"><a href=\"http:\/\/balcilar-blog.com\/wp-content\/uploads\/2015\/09\/ekip-1-1.jpg\"><img loading=\"lazy\" decoding=\"async\" class=\"alignnone size-full wp-image-10679\" src=\"http:\/\/balcilar-blog.com\/wp-content\/uploads\/2015\/09\/ekip-1-1.jpg\" alt=\"ekip 1 (1)\" width=\"640\" height=\"360\" srcset=\"https:\/\/balcilar-blog.com\/wp-content\/uploads\/2015\/09\/ekip-1-1.jpg 640w, https:\/\/balcilar-blog.com\/wp-content\/uploads\/2015\/09\/ekip-1-1-300x169.jpg 300w\" sizes=\"auto, (max-width: 640px) 100vw, 640px\" \/><\/a><\/p>\n<p class=\"ecxMsoNormal\"><a href=\"http:\/\/balcilar-blog.com\/wp-content\/uploads\/2015\/09\/ekip-1-2.jpg\"><img loading=\"lazy\" decoding=\"async\" class=\"alignnone size-full wp-image-10680\" src=\"http:\/\/balcilar-blog.com\/wp-content\/uploads\/2015\/09\/ekip-1-2.jpg\" alt=\"ekip 1 (2)\" width=\"640\" height=\"360\" srcset=\"https:\/\/balcilar-blog.com\/wp-content\/uploads\/2015\/09\/ekip-1-2.jpg 640w, https:\/\/balcilar-blog.com\/wp-content\/uploads\/2015\/09\/ekip-1-2-300x169.jpg 300w\" sizes=\"auto, (max-width: 640px) 100vw, 640px\" \/><\/a><\/p>\n<p class=\"ecxMsoNormal\">\n<p class=\"ecxMsoNormal\">AZ\u0130M KAHRAMANI AY\u015eE:<\/p>\n<p class=\"ecxMsoNormal\"><a href=\"http:\/\/balcilar-blog.com\/wp-content\/uploads\/2015\/09\/azim-kahramani-ayse.jpg\"><img loading=\"lazy\" decoding=\"async\" class=\"alignnone size-full wp-image-10687\" src=\"http:\/\/balcilar-blog.com\/wp-content\/uploads\/2015\/09\/azim-kahramani-ayse.jpg\" alt=\"azim kahramani ayse\" width=\"640\" height=\"372\" srcset=\"https:\/\/balcilar-blog.com\/wp-content\/uploads\/2015\/09\/azim-kahramani-ayse.jpg 640w, https:\/\/balcilar-blog.com\/wp-content\/uploads\/2015\/09\/azim-kahramani-ayse-300x174.jpg 300w\" sizes=\"auto, (max-width: 640px) 100vw, 640px\" \/><\/a><\/p>\n<p class=\"ecxMsoNormal\">SUNGURLAR :<\/p>\n<p class=\"ecxMsoNormal\"><a href=\"http:\/\/balcilar-blog.com\/wp-content\/uploads\/2015\/09\/sungurlar.jpg\"><img loading=\"lazy\" decoding=\"async\" class=\"alignnone size-full wp-image-10678\" src=\"http:\/\/balcilar-blog.com\/wp-content\/uploads\/2015\/09\/sungurlar.jpg\" alt=\"sungurlar\" width=\"640\" height=\"239\" srcset=\"https:\/\/balcilar-blog.com\/wp-content\/uploads\/2015\/09\/sungurlar.jpg 640w, https:\/\/balcilar-blog.com\/wp-content\/uploads\/2015\/09\/sungurlar-300x112.jpg 300w\" sizes=\"auto, (max-width: 640px) 100vw, 640px\" \/><\/a><\/p>\n<p class=\"ecxMsoNormal\">Yeni yay\u0131n d\u00f6nemine giren Samanyolu TV, \u00a0bu sezon kaliteli yap\u0131mlar\u0131 ile \u00fcst basamaklara t\u0131rmanmay\u0131 hedefliyor.<\/p>\n<p class=\"ecxMsoNormal\">Keyifli Seyirler.<\/p>\n<p>Sayg\u0131lar ve sevgiler.<\/p>\n<p>Abdurrahman Balc\u0131lar<\/p>\n<p>Twitter: abdurrahman balc\u0131lar@abbalcilar<\/p>\n<p>Mail : <a href=\"mailto:ab.balcilar@hotmail.com\">ab.balcilar@hotmail.com<\/a><\/p>\n<p>Blog:\u00a0<a href=\"http:\/\/t.co\/znqmIZgIqn\">blog.milliyet.com.tr\/cansever<\/a><\/p>\n<p>Blog:\u00a0<strong>balcilar<\/strong>&#8211;<strong>blog.com<\/strong><\/p>\n<p>&nbsp;<\/p>\n<p>Not: Haber ve G\u00f6rseller Samanyolu Tv. Bas\u0131n B\u00fclteninden al\u0131nm\u0131\u015ft\u0131r.<\/p>\n<p>&nbsp;<\/p>\n","protected":false},"excerpt":{"rendered":"<p>Yeni sezon haz\u0131rl\u0131klar\u0131n\u0131 tamamlayan Samanyolu TV,\u00a0 \u00fc\u00e7\u00fc yeni dizi olmak \u00fczere 12 yap\u0131mla yeni sezonu a\u00e7\u0131yor. Yaz sezonunun geride kalmas\u0131yla beraber Samanyolu TV, yeni d\u00f6nem start\u0131n\u0131 verdi. A\u00e7\u0131klanan yay\u0131n takvimine g\u00f6re ge\u00e7ti\u011fimiz sezon yay\u0131nlanan ve bu d\u00f6nem izleyicilerle bulu\u015fmaya haz\u0131rlanan yap\u0131mlar 14 Eyl\u00fcl\u2019den itibaren ekranlarda olacak. Yeni sezonda Samanyolu TV&#8217;de Madencilerin hikayesini konu alan \u201cModern [&hellip;]<\/p>\n","protected":false},"author":3,"featured_media":0,"comment_status":"open","ping_status":"open","sticky":false,"template":"","format":"standard","meta":{"footnotes":""},"categories":[2],"tags":[831,769,832,725,830],"class_list":["post-10676","post","type-post","status-publish","format-standard","hentry","category-tv-programlari","tag-ekip-1","tag-kucuk-gelin","tag-modern-habil-kabil","tag-samanyolu-tv","tag-sungurlar"],"views":3604,"blog_post_layout_featured_media_urls":{"thumbnail":"","full":""},"categories_names":{"2":{"name":"TV Programlar\u0131","link":"https:\/\/balcilar-blog.com\/?cat=2"}},"tags_names":{"831":{"name":"Ekip 1","link":"https:\/\/balcilar-blog.com\/?tag=ekip-1"},"769":{"name":"K\u00fc\u00e7\u00fck Gelin","link":"https:\/\/balcilar-blog.com\/?tag=kucuk-gelin"},"832":{"name":"Modern Habil Kabil","link":"https:\/\/balcilar-blog.com\/?tag=modern-habil-kabil"},"725":{"name":"Samanyolu Tv","link":"https:\/\/balcilar-blog.com\/?tag=samanyolu-tv"},"830":{"name":"Sungurlar","link":"https:\/\/balcilar-blog.com\/?tag=sungurlar"}},"comments_number":"0","wpmagazine_modules_lite_featured_media_urls":{"thumbnail":"","cvmm-medium":"","cvmm-medium-plus":"","cvmm-portrait":"","cvmm-medium-square":"","cvmm-large":"","cvmm-small":"","full":""},"_links":{"self":[{"href":"https:\/\/balcilar-blog.com\/index.php?rest_route=\/wp\/v2\/posts\/10676","targetHints":{"allow":["GET"]}}],"collection":[{"href":"https:\/\/balcilar-blog.com\/index.php?rest_route=\/wp\/v2\/posts"}],"about":[{"href":"https:\/\/balcilar-blog.com\/index.php?rest_route=\/wp\/v2\/types\/post"}],"author":[{"embeddable":true,"href":"https:\/\/balcilar-blog.com\/index.php?rest_route=\/wp\/v2\/users\/3"}],"replies":[{"embeddable":true,"href":"https:\/\/balcilar-blog.com\/index.php?rest_route=%2Fwp%2Fv2%2Fcomments&post=10676"}],"version-history":[{"count":3,"href":"https:\/\/balcilar-blog.com\/index.php?rest_route=\/wp\/v2\/posts\/10676\/revisions"}],"predecessor-version":[{"id":10689,"href":"https:\/\/balcilar-blog.com\/index.php?rest_route=\/wp\/v2\/posts\/10676\/revisions\/10689"}],"wp:attachment":[{"href":"https:\/\/balcilar-blog.com\/index.php?rest_route=%2Fwp%2Fv2%2Fmedia&parent=10676"}],"wp:term":[{"taxonomy":"category","embeddable":true,"href":"https:\/\/balcilar-blog.com\/index.php?rest_route=%2Fwp%2Fv2%2Fcategories&post=10676"},{"taxonomy":"post_tag","embeddable":true,"href":"https:\/\/balcilar-blog.com\/index.php?rest_route=%2Fwp%2Fv2%2Ftags&post=10676"}],"curies":[{"name":"wp","href":"https:\/\/api.w.org\/{rel}","templated":true}]}}