{"id":10668,"date":"2015-09-08T18:42:14","date_gmt":"2015-09-08T15:42:14","guid":{"rendered":"http:\/\/balcilar-blog.com\/?p=10668"},"modified":"2015-09-08T21:32:53","modified_gmt":"2015-09-08T18:32:53","slug":"cagatay-ulusoydan-sahitlerimiz-icin-dusmanlara-lanet-dolu-mesaj","status":"publish","type":"post","link":"https:\/\/balcilar-blog.com\/?p=10668","title":{"rendered":"\u00c7a\u011fatay Ulusoy&#8217;dan \u015fehitlerimiz i\u00e7in, d\u00fc\u015fmanlara lanet dolu mesaj!"},"content":{"rendered":"<p><a href=\"http:\/\/balcilar-blog.com\/wp-content\/uploads\/2015\/08\/CMclx-rUAAE8bMM.jpg\"><img loading=\"lazy\" decoding=\"async\" class=\"alignnone size-full wp-image-10387\" src=\"http:\/\/balcilar-blog.com\/wp-content\/uploads\/2015\/08\/CMclx-rUAAE8bMM.jpg\" alt=\"CMclx-rUAAE8bMM\" width=\"640\" height=\"417\" srcset=\"https:\/\/balcilar-blog.com\/wp-content\/uploads\/2015\/08\/CMclx-rUAAE8bMM.jpg 640w, https:\/\/balcilar-blog.com\/wp-content\/uploads\/2015\/08\/CMclx-rUAAE8bMM-300x195.jpg 300w\" sizes=\"auto, (max-width: 640px) 100vw, 640px\" \/><\/a><\/p>\n<p><span style=\"color: #ff0000;\"><strong>\u00c7a\u011fatay Ulusoy<\/strong><\/span> twiter hesab\u0131ndan, Da\u011fl\u0131ca ve I\u011fd\u0131r&#8217;da kaybetti\u011fimiz \u015fehitlerimiz i\u00e7in twitt att\u0131. Ulusoy, \u015fehitlerimizin ac\u0131s\u0131n\u0131n i\u00e7ini ac\u0131tt\u0131\u011f\u0131n\u0131 ve \u00fcz\u00fcnt\u00fcs\u00fcn\u00fc belirterek ter\u00f6re lanet mesaj\u0131 att\u0131.<\/p>\n<p>\u00c7a\u011fatay Ulusoy, duyarl\u0131 bir sanat\u00e7\u0131 olarak att\u0131\u011f\u0131 twitte aynen \u015funlar\u0131 yazd\u0131:<\/p>\n<div class=\"stream-item-header\"><a class=\"account-group js-account-group js-action-profile js-user-profile-link js-nav\" href=\"https:\/\/twitter.com\/cagatayulusoyy\" data-user-id=\"1545689918\"><strong class=\"fullname js-action-profile-name show-popup-with-id\" data-aria-label-part=\"\">\u00c7a\u011fatay Ulusoy<\/strong> \u200f<span class=\"username js-action-profile-name\" data-aria-label-part=\"\"><s>@<\/s><b>cagatayulusoyy<\/b><\/span> <\/a><small class=\"time\"> <a class=\"tweet-timestamp js-permalink js-nav js-tooltip\" title=\"11:00 - 08 Eyl 2015\" href=\"https:\/\/twitter.com\/cagatayulusoyy\/status\/641159159875010561\"><span class=\"_timestamp js-short-timestamp js-relative-timestamp\" data-time=\"1441699230\" data-time-ms=\"1441699230000\" data-long-form=\"true\">8 sa.<\/span><span class=\"u-hiddenVisually\" data-aria-label-part=\"last\">8 saat \u00f6nce<\/span><\/a><\/small><\/div>\n<p class=\"TweetTextSize TweetTextSize--26px js-tweet-text tweet-text\" lang=\"tr\" data-aria-label-part=\"0\"><strong>Yine \u00e7ok \u00fczg\u00fcn\u00fcm,yine i\u00e7im ac\u0131yor.Ter\u00f6rden medet uman,ter\u00f6re destek veren,bu \u00fclke \u00fczerinde \u00e7\u0131karlar\u0131 olan herkese lanet olsun!<\/strong><\/p>\n<p class=\"TweetTextSize TweetTextSize--26px js-tweet-text tweet-text\" lang=\"tr\" data-aria-label-part=\"0\">\u00c7a\u011fatay Ulusoy&#8217;un binlerce seveni bu twiti payla\u015ft\u0131 yada favorilerine ekledi.<\/p>\n<p class=\"TweetTextSize TweetTextSize--26px js-tweet-text tweet-text\" lang=\"tr\" data-aria-label-part=\"0\">Duyarl\u0131 oyuncumuz, 20 Temmuz 2015 tarihinde de ayn\u0131 t\u00fcrde lanet okuyan a\u015fa\u011f\u0131daki twitti atm\u0131\u015ft\u0131.<\/p>\n<div class=\"stream-item-header\">\u00c7<a class=\"account-group js-account-group js-action-profile js-user-profile-link js-nav\" href=\"https:\/\/twitter.com\/cagatayulusoyy\" data-user-id=\"1545689918\"><strong class=\"fullname js-action-profile-name show-popup-with-id\" data-aria-label-part=\"\">a\u011fatay Ulusoy<\/strong> \u200f<span class=\"username js-action-profile-name\" data-aria-label-part=\"\"><s>@<\/s><b>cagatayulusoyy<\/b><\/span> <\/a><small class=\"time\"> <a class=\"tweet-timestamp js-permalink js-nav js-tooltip\" title=\"17:50 - 20 Tem 2015\" href=\"https:\/\/twitter.com\/cagatayulusoyy\/status\/623143013204795392\"><span class=\"_timestamp js-short-timestamp \" data-aria-label-part=\"last\" data-time=\"1437403846\" data-time-ms=\"1437403846000\" data-long-form=\"true\">20 Tem<\/span><\/a><\/small><\/div>\n<p class=\"TweetTextSize TweetTextSize--26px js-tweet-text tweet-text\" lang=\"tr\" data-aria-label-part=\"0\"><strong>Yaz\u0131k oluyor bu \u00fclkeye,gen\u00e7lerimize!Ter\u00f6re lanet olsun.<\/strong><\/p>\n<p>Ben de ayn\u0131 ac\u0131y\u0131 ya\u015f\u0131yor, \u015fehitlerimizin ailelerine ba\u015f sa\u011fl\u0131\u011f\u0131 diliyor ve de ayn\u0131 duygularla sebep olanlara lanetliyorum.<br \/>\nAbdurrahman Balc\u0131lar<\/p>\n<p>Twitter: abdurrahman balc\u0131lar@abbalcilar<br \/>\nMail : ab.balcilar@hotmail.com<br \/>\nBlog: blog.milliyet.com.tr\/cansever<br \/>\nBlog: balcilar-blog.com<\/p>\n<p>&nbsp;<\/p>\n<p>&nbsp;<\/p>\n","protected":false},"excerpt":{"rendered":"<p>\u00c7a\u011fatay Ulusoy twiter hesab\u0131ndan, Da\u011fl\u0131ca ve I\u011fd\u0131r&#8217;da kaybetti\u011fimiz \u015fehitlerimiz i\u00e7in twitt att\u0131. Ulusoy, \u015fehitlerimizin ac\u0131s\u0131n\u0131n i\u00e7ini ac\u0131tt\u0131\u011f\u0131n\u0131 ve \u00fcz\u00fcnt\u00fcs\u00fcn\u00fc belirterek ter\u00f6re lanet mesaj\u0131 att\u0131. \u00c7a\u011fatay Ulusoy, duyarl\u0131 bir sanat\u00e7\u0131 olarak att\u0131\u011f\u0131 twitte aynen \u015funlar\u0131 yazd\u0131: \u00c7a\u011fatay Ulusoy \u200f@cagatayulusoyy 8 sa.8 saat \u00f6nce Yine \u00e7ok \u00fczg\u00fcn\u00fcm,yine i\u00e7im ac\u0131yor.Ter\u00f6rden medet uman,ter\u00f6re destek veren,bu \u00fclke \u00fczerinde \u00e7\u0131karlar\u0131 olan [&hellip;]<\/p>\n","protected":false},"author":3,"featured_media":0,"comment_status":"open","ping_status":"open","sticky":false,"template":"","format":"standard","meta":{"footnotes":""},"categories":[8],"tags":[15,829],"class_list":["post-10668","post","type-post","status-publish","format-standard","hentry","category-guncel","tag-cagatay-ulusoy","tag-terore-lanet"],"views":3120,"blog_post_layout_featured_media_urls":{"thumbnail":"","full":""},"categories_names":{"8":{"name":"G\u00fcncel","link":"https:\/\/balcilar-blog.com\/?cat=8"}},"tags_names":{"15":{"name":"\u00e7a\u011fatay ulusoy","link":"https:\/\/balcilar-blog.com\/?tag=cagatay-ulusoy"},"829":{"name":"Ter\u00f6re Lanet","link":"https:\/\/balcilar-blog.com\/?tag=terore-lanet"}},"comments_number":"0","wpmagazine_modules_lite_featured_media_urls":{"thumbnail":"","cvmm-medium":"","cvmm-medium-plus":"","cvmm-portrait":"","cvmm-medium-square":"","cvmm-large":"","cvmm-small":"","full":""},"_links":{"self":[{"href":"https:\/\/balcilar-blog.com\/index.php?rest_route=\/wp\/v2\/posts\/10668","targetHints":{"allow":["GET"]}}],"collection":[{"href":"https:\/\/balcilar-blog.com\/index.php?rest_route=\/wp\/v2\/posts"}],"about":[{"href":"https:\/\/balcilar-blog.com\/index.php?rest_route=\/wp\/v2\/types\/post"}],"author":[{"embeddable":true,"href":"https:\/\/balcilar-blog.com\/index.php?rest_route=\/wp\/v2\/users\/3"}],"replies":[{"embeddable":true,"href":"https:\/\/balcilar-blog.com\/index.php?rest_route=%2Fwp%2Fv2%2Fcomments&post=10668"}],"version-history":[{"count":8,"href":"https:\/\/balcilar-blog.com\/index.php?rest_route=\/wp\/v2\/posts\/10668\/revisions"}],"predecessor-version":[{"id":10677,"href":"https:\/\/balcilar-blog.com\/index.php?rest_route=\/wp\/v2\/posts\/10668\/revisions\/10677"}],"wp:attachment":[{"href":"https:\/\/balcilar-blog.com\/index.php?rest_route=%2Fwp%2Fv2%2Fmedia&parent=10668"}],"wp:term":[{"taxonomy":"category","embeddable":true,"href":"https:\/\/balcilar-blog.com\/index.php?rest_route=%2Fwp%2Fv2%2Fcategories&post=10668"},{"taxonomy":"post_tag","embeddable":true,"href":"https:\/\/balcilar-blog.com\/index.php?rest_route=%2Fwp%2Fv2%2Ftags&post=10668"}],"curies":[{"name":"wp","href":"https:\/\/api.w.org\/{rel}","templated":true}]}}