{"id":10489,"date":"2015-08-25T12:29:20","date_gmt":"2015-08-25T09:29:20","guid":{"rendered":"http:\/\/balcilar-blog.com\/?p=10489"},"modified":"2015-08-25T13:05:43","modified_gmt":"2015-08-25T10:05:43","slug":"kucuk-gelin-3-sezona-yeni-bolumu-ile-30-agustos-aksami-basliyor","status":"publish","type":"post","link":"https:\/\/balcilar-blog.com\/?p=10489","title":{"rendered":"K\u00fc\u00e7\u00fck Gelin 3.sezona yeni b\u00f6l\u00fcm\u00fc ile 30 A\u011fustos ak\u015fam\u0131 ba\u015fl\u0131yor!"},"content":{"rendered":"<p class=\"ecxmsonormal\" style=\"line-height: 17.85pt; background: white; margin: 0cm 0cm 16.2pt 0cm;\"><a href=\"http:\/\/balcilar-blog.com\/wp-content\/uploads\/2015\/08\/kucukgelin-2.jpg\"><img loading=\"lazy\" decoding=\"async\" class=\"alignnone size-full wp-image-10492\" src=\"http:\/\/balcilar-blog.com\/wp-content\/uploads\/2015\/08\/kucukgelin-2.jpg\" alt=\"kucukgelin (2)\" width=\"640\" height=\"360\" srcset=\"https:\/\/balcilar-blog.com\/wp-content\/uploads\/2015\/08\/kucukgelin-2.jpg 640w, https:\/\/balcilar-blog.com\/wp-content\/uploads\/2015\/08\/kucukgelin-2-300x169.jpg 300w\" sizes=\"auto, (max-width: 640px) 100vw, 640px\" \/><\/a><\/p>\n<p class=\"ecxmsonormal\" style=\"line-height: 17.85pt; background: white; margin: 0cm 0cm 16.2pt 0cm;\"><span style=\"font-size: 14.0pt; color: #444444;\">Bu sezon yapt\u0131\u011f\u0131 s\u00fcrpriz transferlerle olduk\u00e7a ses getiren <strong>Samanyolu TV<\/strong>\u2019nin <strong>K\u00fc\u00e7\u00fck Gelin<\/strong> dizisi,<span class=\"apple-converted-space\">\u00a0<\/span><b>30 A\u011fustos Pazar<\/b><span class=\"apple-converted-space\">\u00a0<\/span>ak\u015fam\u0131 yeni sezon b\u00f6l\u00fcmleriyle ba\u015fl\u0131yor.<\/span><span style=\"color: #444444;\">\u00a0<\/span><\/p>\n<p class=\"ecxmsonormal\" style=\"line-height: 17.85pt; background: white; orphans: auto; text-align: start; widows: 1; -webkit-text-stroke-width: 0px; word-spacing: 0px; margin: 0cm 0cm 16.2pt 0cm;\"><span style=\"font-size: 14.0pt; color: #444444;\">Yay\u0131nland\u0131\u011f\u0131 iki sezon boyunca izleyicilerin b\u00fcy\u00fck ilgiyle izledi\u011fi K\u00fc\u00e7\u00fck Gelin dizisi, yeni sezonu a\u00e7\u0131yor. Oyuncu kadrosunu<span class=\"apple-converted-space\">\u00a0<\/span><b>Arzu Yanarda\u011f<\/b>,<span class=\"apple-converted-space\">\u00a0<\/span><b>Arda Esen<\/b><span class=\"apple-converted-space\">\u00a0<\/span>ve<span class=\"apple-converted-space\">\u00a0<\/span><b>Birg\u00fcl Ulusoy<\/b><span class=\"apple-converted-space\">\u00a0<\/span>gibi \u00fcnl\u00fc isimlerle geni\u015fleten ve yeni karakter hikayeleri eklenen dizi, yaz d\u00f6nemi i\u00e7in verilen k\u0131sa bir aran\u0131n ard\u0131ndan Pazar ak\u015fam\u0131 izleyicilerle bulu\u015fuyor.<\/span><span style=\"color: #444444;\">\u00a0<\/span><\/p>\n<p class=\"ecxmsonormal\" style=\"line-height: 17.85pt; background: white; orphans: auto; text-align: start; widows: 1; -webkit-text-stroke-width: 0px; word-spacing: 0px; margin: 0cm 0cm 16.2pt 0cm;\"><span style=\"font-size: 14.0pt; color: #444444;\">Ge\u00e7ti\u011fimiz sezon anne olan k\u00fc\u00e7\u00fck gelin Zehra\u2019n\u0131n ba\u015f\u0131ndan ge\u00e7en olaylar\u0131n anlat\u0131ld\u0131\u011f\u0131 dizide ekran ba\u015f\u0131ndakileri b\u00fcy\u00fck s\u00fcrprizler bekliyor. K\u00fc\u00e7\u00fck gelinin babas\u0131 Mirza\u2019n\u0131n (Arda Esen) ortaya \u00e7\u0131kmas\u0131, Azad\u2019\u0131n \u00f6l\u00fcm\u00fcyle yaln\u0131z kalan Melek\u2019in k\u0131z\u0131na kavu\u015fmak i\u00e7in konakta verdi\u011fi m\u00fccadele ve art\u0131k bir anne olan Zehra\u2019y\u0131 bekleyen \u0130stanbul maceras\u0131 yeni sezonda izleyenleri ekrana kilitleyecek.<\/span><\/p>\n<p class=\"ecxmsonormal\" style=\"line-height: 17.85pt; background: white; orphans: auto; text-align: start; widows: 1; -webkit-text-stroke-width: 0px; word-spacing: 0px; margin: 0cm 0cm 16.2pt 0cm;\"><a href=\"http:\/\/balcilar-blog.com\/wp-content\/uploads\/2015\/08\/kucukgelin-6.jpg\"><img loading=\"lazy\" decoding=\"async\" class=\"alignnone size-full wp-image-10495\" src=\"http:\/\/balcilar-blog.com\/wp-content\/uploads\/2015\/08\/kucukgelin-6.jpg\" alt=\"kucukgelin (6)\" width=\"640\" height=\"360\" srcset=\"https:\/\/balcilar-blog.com\/wp-content\/uploads\/2015\/08\/kucukgelin-6.jpg 640w, https:\/\/balcilar-blog.com\/wp-content\/uploads\/2015\/08\/kucukgelin-6-300x169.jpg 300w\" sizes=\"auto, (max-width: 640px) 100vw, 640px\" \/><\/a><\/p>\n<p class=\"ecxmsonormal\" style=\"line-height: 17.85pt; background: white; orphans: auto; text-align: start; widows: 1; -webkit-text-stroke-width: 0px; word-spacing: 0px; margin: 0cm 0cm 16.2pt 0cm;\"><a href=\"http:\/\/balcilar-blog.com\/wp-content\/uploads\/2015\/08\/kucukgelin-5.jpg\"><img loading=\"lazy\" decoding=\"async\" class=\"alignnone size-full wp-image-10494\" src=\"http:\/\/balcilar-blog.com\/wp-content\/uploads\/2015\/08\/kucukgelin-5.jpg\" alt=\"kucukgelin (5)\" width=\"640\" height=\"360\" srcset=\"https:\/\/balcilar-blog.com\/wp-content\/uploads\/2015\/08\/kucukgelin-5.jpg 640w, https:\/\/balcilar-blog.com\/wp-content\/uploads\/2015\/08\/kucukgelin-5-300x169.jpg 300w\" sizes=\"auto, (max-width: 640px) 100vw, 640px\" \/><\/a><\/p>\n<p class=\"ecxmsonormal\" style=\"line-height: 17.85pt; background: white; orphans: auto; text-align: start; widows: 1; -webkit-text-stroke-width: 0px; word-spacing: 0px; margin: 0cm 0cm 16.2pt 0cm;\"><a href=\"http:\/\/balcilar-blog.com\/wp-content\/uploads\/2015\/08\/kucukgelin-4.jpg\"><img loading=\"lazy\" decoding=\"async\" class=\"alignnone size-full wp-image-10493\" src=\"http:\/\/balcilar-blog.com\/wp-content\/uploads\/2015\/08\/kucukgelin-4.jpg\" alt=\"kucukgelin (4)\" width=\"640\" height=\"360\" srcset=\"https:\/\/balcilar-blog.com\/wp-content\/uploads\/2015\/08\/kucukgelin-4.jpg 640w, https:\/\/balcilar-blog.com\/wp-content\/uploads\/2015\/08\/kucukgelin-4-300x169.jpg 300w\" sizes=\"auto, (max-width: 640px) 100vw, 640px\" \/><\/a><\/p>\n<p class=\"ecxmsonormal\" style=\"line-height: 17.85pt; background: white; orphans: auto; text-align: start; widows: 1; -webkit-text-stroke-width: 0px; word-spacing: 0px; margin: 0cm 0cm 16.2pt 0cm;\"><a href=\"http:\/\/balcilar-blog.com\/wp-content\/uploads\/2015\/08\/kucukgelin-7.jpg\"><img loading=\"lazy\" decoding=\"async\" class=\"alignnone size-full wp-image-10490\" src=\"http:\/\/balcilar-blog.com\/wp-content\/uploads\/2015\/08\/kucukgelin-7.jpg\" alt=\"kucukgelin (7)\" width=\"640\" height=\"360\" srcset=\"https:\/\/balcilar-blog.com\/wp-content\/uploads\/2015\/08\/kucukgelin-7.jpg 640w, https:\/\/balcilar-blog.com\/wp-content\/uploads\/2015\/08\/kucukgelin-7-300x169.jpg 300w\" sizes=\"auto, (max-width: 640px) 100vw, 640px\" \/><\/a><\/p>\n<p class=\"ecxmsonormal\" style=\"line-height: 17.85pt; background: white; vertical-align: baseline; orphans: auto; text-align: start; widows: 1; -webkit-text-stroke-width: 0px; word-spacing: 0px; margin: 0cm 0cm 16.2pt 0cm;\"><b><span style=\"font-size: 14.0pt; color: #444444;\">\u0130zleyicileri Heyecanland\u0131ran Fragman<\/span><span style=\"color: #444444;\">\u00a0<\/span><\/b><\/p>\n<p class=\"ecxmsonormal\" style=\"line-height: 17.85pt; background: white; vertical-align: baseline; orphans: auto; text-align: start; widows: 1; -webkit-text-stroke-width: 0px; word-spacing: 0px; margin: 0cm 0cm 16.2pt 0cm;\"><span style=\"font-size: 14.0pt; color: #444444;\">Dizinin yay\u0131nlanan tan\u0131t\u0131m fragman\u0131 izleyiciler taraf\u0131ndan olduk\u00e7a ilgi g\u00f6rd\u00fc. Yeni b\u00f6l\u00fcmden ipu\u00e7lar\u0131n\u0131n da yer ald\u0131\u011f\u0131 fragmanda Zehra, ilk kez babas\u0131yla kar\u015f\u0131la\u015f\u0131yor.<\/span><b><\/b><\/p>\n<p class=\"ecxmsonormal\" style=\"line-height: 17.85pt; background: white; margin: 0cm 0cm 16.2pt 0cm;\"><b><span style=\"font-size: 14.0pt; color: #444444;\">K\u00fc\u00e7\u00fck Gelin<\/span><\/b><span style=\"font-size: 14.0pt; color: #444444;\">, merakla beklenen sezonun ilk b\u00f6l\u00fcm\u00fcyle<span class=\"apple-converted-space\">\u00a0<\/span><b>30 A\u011fustos<\/b><span class=\"apple-converted-space\">\u00a0<\/span>Pazar ak\u015fam\u0131 saat<span class=\"apple-converted-space\">\u00a0<\/span><b>20.45<\/b>\u2019te<span class=\"apple-converted-space\">\u00a0<\/span><b>Samanyolu TV<\/b>\u2019de ba\u015fl\u0131yor. <\/span><\/p>\n<p class=\"ecxmsonormal\" style=\"line-height: 17.85pt; background: white; margin: 0cm 0cm 16.2pt 0cm;\"><span style=\"font-size: 14.0pt; color: #444444;\">\u0130yi Seyirler. <\/span><\/p>\n<p class=\"ecxmsonormal\" style=\"line-height: 17.85pt; background: white; margin: 0cm 0cm 16.2pt 0cm;\"><span style=\"font-size: 14.0pt; color: #444444;\">Sayg\u0131lar ve sevgiler.<\/span><\/p>\n<p class=\"ecxmsonormal\" style=\"line-height: 17.85pt; background: white; margin: 0cm 0cm 16.2pt 0cm;\"><span style=\"font-size: 14.0pt; color: #444444;\">Abdurrahman Balc\u0131lar<\/span><\/p>\n<p>Twitter: abdurrahman balc\u0131lar@abbalcilar<\/p>\n<p>Mail : <a href=\"mailto:ab.balcilar@hotmail.com\">ab.balcilar@hotmail.com<\/a><\/p>\n<p>Blog:\u00a0<a href=\"http:\/\/t.co\/znqmIZgIqn\">blog.milliyet.com.tr\/cansever<\/a><\/p>\n<p>Blog:\u00a0<strong>balcilar<\/strong>&#8211;<strong>blog.com<\/strong><\/p>\n<p>&nbsp;<\/p>\n<p>Not: Haber ve g\u00f6rseller Samanyolu Tv Bas\u0131n B\u00fclteninden al\u0131nm\u0131\u015ft\u0131r.<\/p>\n<p class=\"ecxmsonormal\" style=\"line-height: 17.85pt; background: white; margin: 0cm 0cm 16.2pt 0cm;\"><span style=\"font-size: 14.0pt; font-family: 'Tahoma','sans-serif'; color: #444444;\">\u00a0<\/span><\/p>\n<p class=\"ecxmsonormal\" style=\"line-height: 17.85pt; background: white; vertical-align: baseline; margin: 0cm 0cm 16.2pt 0cm;\"><b><span style=\"font-size: 14.0pt; color: #444444;\">\u0130\u015fte dikkat \u00e7eken o fragman;<\/span><span style=\"color: #444444;\">\u00a0<\/span><\/b><\/p>\n<p><iframe loading=\"lazy\" title=\"K\u00fc\u00e7\u00fck Gelin yeni sezon\" width=\"640\" height=\"360\" src=\"https:\/\/www.youtube.com\/embed\/2y-bgsxTlCI?feature=oembed\" frameborder=\"0\" allow=\"accelerometer; autoplay; clipboard-write; encrypted-media; gyroscope; picture-in-picture; web-share\" referrerpolicy=\"strict-origin-when-cross-origin\" allowfullscreen><\/iframe><\/p>\n<p>&nbsp;<\/p>\n","protected":false},"excerpt":{"rendered":"<p>Bu sezon yapt\u0131\u011f\u0131 s\u00fcrpriz transferlerle olduk\u00e7a ses getiren Samanyolu TV\u2019nin K\u00fc\u00e7\u00fck Gelin dizisi,\u00a030 A\u011fustos Pazar\u00a0ak\u015fam\u0131 yeni sezon b\u00f6l\u00fcmleriyle ba\u015fl\u0131yor.\u00a0 Yay\u0131nland\u0131\u011f\u0131 iki sezon boyunca izleyicilerin b\u00fcy\u00fck ilgiyle izledi\u011fi K\u00fc\u00e7\u00fck Gelin dizisi, yeni sezonu a\u00e7\u0131yor. Oyuncu kadrosunu\u00a0Arzu Yanarda\u011f,\u00a0Arda Esen\u00a0ve\u00a0Birg\u00fcl Ulusoy\u00a0gibi \u00fcnl\u00fc isimlerle geni\u015fleten ve yeni karakter hikayeleri eklenen dizi, yaz d\u00f6nemi i\u00e7in verilen k\u0131sa bir aran\u0131n ard\u0131ndan [&hellip;]<\/p>\n","protected":false},"author":3,"featured_media":0,"comment_status":"open","ping_status":"open","sticky":false,"template":"","format":"standard","meta":{"footnotes":""},"categories":[2],"tags":[772,770,778,769,725],"class_list":["post-10489","post","type-post","status-publish","format-standard","hentry","category-tv-programlari","tag-arda-esen","tag-arzu-yanardag","tag-birgul-ulusoy","tag-kucuk-gelin","tag-samanyolu-tv"],"views":6701,"blog_post_layout_featured_media_urls":{"thumbnail":"","full":""},"categories_names":{"2":{"name":"TV Programlar\u0131","link":"https:\/\/balcilar-blog.com\/?cat=2"}},"tags_names":{"772":{"name":"Arda Esen","link":"https:\/\/balcilar-blog.com\/?tag=arda-esen"},"770":{"name":"Arzu Yanarda\u011f","link":"https:\/\/balcilar-blog.com\/?tag=arzu-yanardag"},"778":{"name":"Birg\u00fcl Ulusoy","link":"https:\/\/balcilar-blog.com\/?tag=birgul-ulusoy"},"769":{"name":"K\u00fc\u00e7\u00fck Gelin","link":"https:\/\/balcilar-blog.com\/?tag=kucuk-gelin"},"725":{"name":"Samanyolu Tv","link":"https:\/\/balcilar-blog.com\/?tag=samanyolu-tv"}},"comments_number":"0","wpmagazine_modules_lite_featured_media_urls":{"thumbnail":"","cvmm-medium":"","cvmm-medium-plus":"","cvmm-portrait":"","cvmm-medium-square":"","cvmm-large":"","cvmm-small":"","full":""},"_links":{"self":[{"href":"https:\/\/balcilar-blog.com\/index.php?rest_route=\/wp\/v2\/posts\/10489","targetHints":{"allow":["GET"]}}],"collection":[{"href":"https:\/\/balcilar-blog.com\/index.php?rest_route=\/wp\/v2\/posts"}],"about":[{"href":"https:\/\/balcilar-blog.com\/index.php?rest_route=\/wp\/v2\/types\/post"}],"author":[{"embeddable":true,"href":"https:\/\/balcilar-blog.com\/index.php?rest_route=\/wp\/v2\/users\/3"}],"replies":[{"embeddable":true,"href":"https:\/\/balcilar-blog.com\/index.php?rest_route=%2Fwp%2Fv2%2Fcomments&post=10489"}],"version-history":[{"count":4,"href":"https:\/\/balcilar-blog.com\/index.php?rest_route=\/wp\/v2\/posts\/10489\/revisions"}],"predecessor-version":[{"id":10499,"href":"https:\/\/balcilar-blog.com\/index.php?rest_route=\/wp\/v2\/posts\/10489\/revisions\/10499"}],"wp:attachment":[{"href":"https:\/\/balcilar-blog.com\/index.php?rest_route=%2Fwp%2Fv2%2Fmedia&parent=10489"}],"wp:term":[{"taxonomy":"category","embeddable":true,"href":"https:\/\/balcilar-blog.com\/index.php?rest_route=%2Fwp%2Fv2%2Fcategories&post=10489"},{"taxonomy":"post_tag","embeddable":true,"href":"https:\/\/balcilar-blog.com\/index.php?rest_route=%2Fwp%2Fv2%2Ftags&post=10489"}],"curies":[{"name":"wp","href":"https:\/\/api.w.org\/{rel}","templated":true}]}}