{"id":10441,"date":"2015-08-26T17:14:24","date_gmt":"2015-08-26T14:14:24","guid":{"rendered":"http:\/\/balcilar-blog.com\/?p=10441"},"modified":"2015-08-26T17:14:24","modified_gmt":"2015-08-26T14:14:24","slug":"eylul-2015-yeni-sezonda-tvlerde-hangi-diziler-var-ve-yeni-yapimlar","status":"publish","type":"post","link":"https:\/\/balcilar-blog.com\/?p=10441","title":{"rendered":"Eyl\u00fcl 2015 yeni sezonda Tv&#8217;lerde hangi diziler var ve yeni yap\u0131mlar!"},"content":{"rendered":"<p><a href=\"http:\/\/balcilar-blog.com\/wp-content\/uploads\/2015\/08\/cats-tv-kanallar\u0131.jpg\"><img loading=\"lazy\" decoding=\"async\" class=\"alignnone size-full wp-image-10516\" src=\"http:\/\/balcilar-blog.com\/wp-content\/uploads\/2015\/08\/cats-tv-kanallar\u0131.jpg\" alt=\"cats tv kanallar\u0131\" width=\"640\" height=\"328\" srcset=\"https:\/\/balcilar-blog.com\/wp-content\/uploads\/2015\/08\/cats-tv-kanallar\u0131.jpg 640w, https:\/\/balcilar-blog.com\/wp-content\/uploads\/2015\/08\/cats-tv-kanallar\u0131-300x154.jpg 300w\" sizes=\"auto, (max-width: 640px) 100vw, 640px\" \/><\/a><\/p>\n<p>Yeni sezonun ba\u015flamas\u0131na az bir s\u00fcre kald\u0131. Televizyonlarda \u00e7al\u0131\u015fmalar h\u0131zla devam ediyor. Mevcut eski dizilerin ikinci ya da \u00fc\u00e7\u00fcnc\u00fc sezonu ba\u015flayacak, bu eski dizilere yeni ba\u015flayacak iddial\u0131 dizlerle takviye edecekler.<\/p>\n<p>En \u00e7ok merak edilen ise; yaz sezonunu kurtaran dizilerin ak\u0131beti ne olacak? \u0130zleyici say\u0131s\u0131n\u0131n d\u00fc\u015ft\u00fc\u011f\u00fc s\u0131cak g\u00fcnlerde zirvede kalmay\u0131 ba\u015farabilen dizilerin, yeni d\u00f6nemde g\u00fc\u00e7l\u00fc rakipler kar\u015f\u0131s\u0131nda ne yapaca\u011f\u0131n\u0131 bekleyip g\u00f6rece\u011fiz. Peki Eyl\u00fcl&#8217;de kanallar, hangi yeni dizi silahlar\u0131n\u0131 s\u00fcrecekler?<\/p>\n<p>\u015eimdi Tv kanallar\u0131nda ba\u015flayacak Eyl\u00fcl 2015 yeni dizileri ve ge\u00e7en sezon dizilerinden yer alacaklar\u0131 kanallar\u0131n alfabetik s\u0131ras\u0131na g\u00f6re s\u0131ralayarak, yeni dizileri edindi\u011fim bilgilere g\u00f6re tan\u0131t\u0131p s\u0131ralayal\u0131m.<\/p>\n<div id=\"newstext\" class=\"row-fluid page-content\">\n<div id=\"newsbody\">\n<p>&nbsp;<\/p>\n<p><strong>ATV<\/strong> : \u00a0\u00a0<a href=\"http:\/\/balcilar-blog.com\/wp-content\/uploads\/2014\/12\/atv_tv_logo_amblem.jpg\"><img loading=\"lazy\" decoding=\"async\" class=\"alignnone size-thumbnail wp-image-5366\" src=\"http:\/\/balcilar-blog.com\/wp-content\/uploads\/2014\/12\/atv_tv_logo_amblem-150x150.jpg\" alt=\"atv_tv_logo_amblem\" width=\"150\" height=\"150\" \/><\/a><\/p>\n<p>&nbsp;<\/p>\n<p><a href=\"http:\/\/balcilar-blog.com\/wp-content\/uploads\/2015\/08\/Ekran-Al\u0131nt\u0131s\u0131atv.5.png\"><img loading=\"lazy\" decoding=\"async\" class=\"alignnone size-medium wp-image-10345\" src=\"http:\/\/balcilar-blog.com\/wp-content\/uploads\/2015\/08\/Ekran-Al\u0131nt\u0131s\u0131atv.5-300x174.png\" alt=\"Ekran Al\u0131nt\u0131s\u0131atv.5\" width=\"300\" height=\"174\" srcset=\"https:\/\/balcilar-blog.com\/wp-content\/uploads\/2015\/08\/Ekran-Al\u0131nt\u0131s\u0131atv.5-300x174.png 300w, https:\/\/balcilar-blog.com\/wp-content\/uploads\/2015\/08\/Ekran-Al\u0131nt\u0131s\u0131atv.5.png 640w\" sizes=\"auto, (max-width: 300px) 100vw, 300px\" \/><\/a><\/p>\n<p><strong>E\u015fkiya D\u00fcnyaya H\u00fck\u00fcmdar Olmaz<\/strong>: Oktay Kaynaca&#8217;n\u0131n ba\u015f rol\u00fc oynad\u0131\u011f\u0131, Kurtlar Vadisi&#8217;in eski yap\u0131mc\u0131s\u0131 Raci \u015ea\u015fmaz&#8217;\u0131n yeni dizisi olarak Atv ekranlar\u0131na geliyor.<\/p>\n<p>&nbsp;<\/p>\n<\/div>\n<\/div>\n<p><a href=\"http:\/\/balcilar-blog.com\/wp-content\/uploads\/2015\/08\/EVLK\u0130-VE-\u00d6FKEL\u0130.jpg\"><img loading=\"lazy\" decoding=\"async\" class=\"alignnone size-medium wp-image-10504\" src=\"http:\/\/balcilar-blog.com\/wp-content\/uploads\/2015\/08\/EVLK\u0130-VE-\u00d6FKEL\u0130-300x181.jpg\" alt=\"EVLK\u0130 VE \u00d6FKEL\u0130\" width=\"300\" height=\"181\" srcset=\"https:\/\/balcilar-blog.com\/wp-content\/uploads\/2015\/08\/EVLK\u0130-VE-\u00d6FKEL\u0130-300x181.jpg 300w, https:\/\/balcilar-blog.com\/wp-content\/uploads\/2015\/08\/EVLK\u0130-VE-\u00d6FKEL\u0130.jpg 640w\" sizes=\"auto, (max-width: 300px) 100vw, 300px\" \/><\/a><\/p>\n<p><strong>Evli ve \u00d6fkeli<\/strong>: S\u00fcre\u00e7 Filmin yap\u0131mc\u0131s\u0131 oldu\u011fu, Nisa Akman&#8217;\u0131n y\u00f6netmen koltu\u011funda oturdu\u011fu dizide, Birce Atalay, Sarp Akkaya, Ebru C\u00fcnd\u00fcbeyo\u011flu, Ay\u00e7a Erturan ve Y\u0131ld\u0131z \u00c7a\u011fr\u0131 Atiksoy yer al\u0131yor.<\/p>\n<p>&nbsp;<\/p>\n<p><strong>Leyla \u0130le Alper<\/strong> : Ay Yap\u0131m imzal\u0131 bu dizinin oyuncu kadrosu hen\u00fcz netle\u015fmedi. Dizi Ekim ay\u0131nda ekranlara gelecek.<\/p>\n<p>&nbsp;<\/p>\n<p><a href=\"http:\/\/balcilar-blog.com\/wp-content\/uploads\/2015\/08\/568014_detay-birkan-sokullu.jpg\"><img loading=\"lazy\" decoding=\"async\" class=\"alignnone size-medium wp-image-10505\" src=\"http:\/\/balcilar-blog.com\/wp-content\/uploads\/2015\/08\/568014_detay-birkan-sokullu-292x300.jpg\" alt=\"568014_detay birkan sokullu\" width=\"292\" height=\"300\" srcset=\"https:\/\/balcilar-blog.com\/wp-content\/uploads\/2015\/08\/568014_detay-birkan-sokullu-292x300.jpg 292w, https:\/\/balcilar-blog.com\/wp-content\/uploads\/2015\/08\/568014_detay-birkan-sokullu.jpg 480w\" sizes=\"auto, (max-width: 292px) 100vw, 292px\" \/><\/a><\/p>\n<p><strong>Beyaz Gece<\/strong>: Cansu Dere ve Birkan Sokullu&#8217;nun ba\u015f rol\u00fc payla\u015ft\u0131\u011f\u0131 dizi bir Ay Yap\u0131m projesi ve Eyl\u00fcl ay\u0131 i\u00e7erisinde ekranlarda olacak.<\/p>\n<p><strong>Devam edenler<\/strong>: Bedel, Kara Ekmek, Kertenkele,<\/p>\n<p>&#8212;&#8212;&#8212;&#8212;&#8212;&#8212;&#8212;&#8212;&#8212;&#8212;&#8212;&#8212;&#8212;&#8212;&#8212;&#8212;&#8212;&#8212;&#8212;&#8212;&#8212;&#8212;&#8212;&#8212;&#8212;&#8212;&#8212;&#8212;&#8212;&#8212;&#8212;&#8212;&#8212;&#8212;&#8212;&#8212;&#8212;&#8212;&#8212;&#8212;<\/p>\n<p>&nbsp;<\/p>\n<p><strong>FOX TV<\/strong> : \u00a0\u00a0<a href=\"http:\/\/balcilar-blog.com\/wp-content\/uploads\/2014\/12\/foxtv.jpg\"><img loading=\"lazy\" decoding=\"async\" class=\"alignnone size-thumbnail wp-image-5368\" src=\"http:\/\/balcilar-blog.com\/wp-content\/uploads\/2014\/12\/foxtv-150x150.jpg\" alt=\"foxtv\" width=\"150\" height=\"150\" \/><\/a><\/p>\n<p><a href=\"http:\/\/balcilar-blog.com\/wp-content\/uploads\/2015\/08\/timthumb.php-ya-hi\u00e7im.jpg\"><img loading=\"lazy\" decoding=\"async\" class=\"size-medium wp-image-10513\" src=\"http:\/\/balcilar-blog.com\/wp-content\/uploads\/2015\/08\/timthumb.php-ya-hi\u00e7im-300x218.jpg\" alt=\"CREATOR: gd-jpeg v1.0 (using IJG JPEG v62), quality = 90\" width=\"300\" height=\"218\" srcset=\"https:\/\/balcilar-blog.com\/wp-content\/uploads\/2015\/08\/timthumb.php-ya-hi\u00e7im-300x218.jpg 300w, https:\/\/balcilar-blog.com\/wp-content\/uploads\/2015\/08\/timthumb.php-ya-hi\u00e7im.jpg 640w\" sizes=\"auto, (max-width: 300px) 100vw, 300px\" \/><\/a><\/p>\n<p><strong>Ya Her \u015eeyim Ya Hi\u00e7im<\/strong>:\u00a0Parampar\u00e7a dizisinin de yap\u0131mc\u0131s\u0131 olan Endemol T\u00fcrkiye yeni sezona iddial\u0131 dizilerle girmeye haz\u0131rlan\u0131yor. Endemol\u2019\u00fcn Fox Tv\u00a0i\u00e7in \u00e7ekece\u011fi yeni dizi Ya Her \u015eeyim Ya Hi\u00e7im\u2019in kad\u0131n ba\u015frol oyuncusu olarak Cansu Dere g\u00f6r\u00fc\u015f\u00fclm\u00fc\u015f sonunda, Bel\u00e7im Bilgin\u2019de karar k\u0131lm\u0131\u015ft\u0131r. Dizinin erkek ba\u015frol oyuncusu \u00a0Ozan G\u00fcven\u00a0Ya Her \u015eeyim Ya Hi\u00e7im dizisinde Bel\u00e7im Bilgin Erdo\u011fan\u2019la birlikte ba\u015f rol\u00fc payla\u015facakt\u0131r.\u00a0Y\u00f6netmenli\u011fini \u00d6mer Faruk Sorak\u2019\u0131n yapaca\u011f\u0131 dizide oyuncu, ideallerinden \u00f6d\u00fcn vermeyen bir \u00e7ocuk doktorunu canland\u0131racak. Dizinin \u00e7ekimlerine A\u011fustos sonunda ba\u015flanacak ve Ekim ay\u0131nda Fox TV ekranlar\u0131nda olacakt\u0131r.<\/p>\n<p>&nbsp;<\/p>\n<p><a href=\"http:\/\/balcilar-blog.com\/wp-content\/uploads\/2015\/08\/sehrin_melekleri_2_yeni_bolum_fragmani_ve_ozeti_24_agustos.jpg\"><img loading=\"lazy\" decoding=\"async\" class=\"alignnone size-medium wp-image-10514\" src=\"http:\/\/balcilar-blog.com\/wp-content\/uploads\/2015\/08\/sehrin_melekleri_2_yeni_bolum_fragmani_ve_ozeti_24_agustos-300x156.jpg\" alt=\"sehrin_melekleri_2_yeni_bolum_fragmani_ve_ozeti_24_agustos\" width=\"300\" height=\"156\" srcset=\"https:\/\/balcilar-blog.com\/wp-content\/uploads\/2015\/08\/sehrin_melekleri_2_yeni_bolum_fragmani_ve_ozeti_24_agustos-300x156.jpg 300w, https:\/\/balcilar-blog.com\/wp-content\/uploads\/2015\/08\/sehrin_melekleri_2_yeni_bolum_fragmani_ve_ozeti_24_agustos.jpg 640w\" sizes=\"auto, (max-width: 300px) 100vw, 300px\" \/><\/a><\/p>\n<p><strong>\u015eehrin Melekleri<\/strong> :\u00a0Fox Tv ekranlar\u0131nda yeni bir dizi daha ba\u015flad\u0131. 17 A\u011fustosta yaz ekranlar\u0131nda yeni bir polisiye dizisi ba\u015flad\u0131. Yaz d\u00f6neminde genelde kanallar romantik komedi dizisi yay\u0131nlarken Fox yeni bir strateji ile polisiye dizisi yay\u0131nlayacak.\u00a0\u015eehrin Melekleri dizisinin oyuncular\u0131 Orhan K\u0131l\u0131\u00e7 ve \u00dcmit Kantarc\u0131lar\u2019\u0131n ba\u015f rol\u00fcnde oynayaca\u011f\u0131 \u015eehrin Melekleri dizisi 17 a\u011fustos \u00a0pazartesi g\u00fcn\u00fc Fox Tv ekranlar\u0131nda olacak.\u00a0Boyut Film\u2019in yap\u0131mc\u0131l\u0131\u011f\u0131n\u0131 \u00fcstlendi\u011fi\u00a0\u015eehrin Melekleri dizisinde bir polisin \u0130stanbul\u2019da verdi\u011fi adalet sava\u015f\u0131n\u0131 izleyece\u011fiz.<\/p>\n<p>F\u0131rt\u0131na Cemal ba\u015far\u0131l\u0131 bir komiserdir. \u0130stanbul Emniyeti i\u00e7erisinde baz\u0131 s\u0131k\u0131nt\u0131l\u0131 olaylar ya\u015fanmas\u0131 \u00fczerine F\u0131rt\u0131na Cemal\u2019e yeni bir birim kurmas\u0131n\u0131 ister. S\u0131k\u0131nt\u0131lar\u0131 gidermek i\u00e7in Cemal komiser ba\u015far\u0131l\u0131 polislerden olu\u015fan bir balyoz timi kurar.<\/p>\n<p>&nbsp;<\/p>\n<p><strong>Devam edenler: \u00a0<\/strong>A\u015fk Yeniden<strong>,\u00a0<\/strong>Karag\u00fcl, Kiraz Mevsimi, \u00a0Kocam\u0131n Ailesi, O Hayat Benim,<\/p>\n<p>&#8212;&#8212;&#8212;&#8212;&#8212;&#8212;&#8212;&#8212;&#8212;&#8212;&#8212;&#8212;&#8212;&#8212;&#8212;&#8212;&#8212;&#8212;&#8212;&#8212;&#8212;&#8212;&#8212;&#8212;&#8212;&#8212;&#8212;&#8212;&#8212;&#8212;&#8212;&#8212;&#8212;&#8212;&#8212;&#8212;&#8212;&#8212;&#8212;&#8211;<\/p>\n<p>&nbsp;<\/p>\n<p><strong>KANAL D<\/strong> : \u00a0\u00a0<a href=\"http:\/\/balcilar-blog.com\/wp-content\/uploads\/2014\/07\/untitled-kanal-d.png\"><img loading=\"lazy\" decoding=\"async\" class=\"alignnone size-thumbnail wp-image-2611\" src=\"http:\/\/balcilar-blog.com\/wp-content\/uploads\/2014\/07\/untitled-kanal-d-150x150.png\" alt=\"untitled kanal d\" width=\"150\" height=\"150\" srcset=\"https:\/\/balcilar-blog.com\/wp-content\/uploads\/2014\/07\/untitled-kanal-d-150x150.png 150w, https:\/\/balcilar-blog.com\/wp-content\/uploads\/2014\/07\/untitled-kanal-d.png 200w\" sizes=\"auto, (max-width: 150px) 100vw, 150px\" \/><\/a><\/p>\n<p><a href=\"http:\/\/balcilar-blog.com\/wp-content\/uploads\/2015\/08\/14889067-818c-472e-ad01-70d0d9022e90.jpg\"><img loading=\"lazy\" decoding=\"async\" class=\"alignnone size-medium wp-image-10502\" src=\"http:\/\/balcilar-blog.com\/wp-content\/uploads\/2015\/08\/14889067-818c-472e-ad01-70d0d9022e90-300x173.jpg\" alt=\"14889067-818c-472e-ad01-70d0d9022e90\" width=\"300\" height=\"173\" srcset=\"https:\/\/balcilar-blog.com\/wp-content\/uploads\/2015\/08\/14889067-818c-472e-ad01-70d0d9022e90-300x173.jpg 300w, https:\/\/balcilar-blog.com\/wp-content\/uploads\/2015\/08\/14889067-818c-472e-ad01-70d0d9022e90.jpg 640w\" sizes=\"auto, (max-width: 300px) 100vw, 300px\" \/><\/a><\/p>\n<p><strong>D\u00fc\u015f Tarlas\u0131<\/strong>: Ba\u015f rolde \u0130brahim \u00c7elikkol&#8217;un oynad\u0131\u011f\u0131 dizinin yap\u0131mc\u0131s\u0131 D Productions. \u00a0\u00c7elikkol&#8217;un bayan partneri ise Asl\u0131 Enver.<\/p>\n<p><strong>Umut R\u00fczgarlar\u0131<\/strong>:<\/p>\n<p>&nbsp;<\/p>\n<p><a href=\"http:\/\/balcilar-blog.com\/wp-content\/uploads\/2015\/08\/bir-deniz-hikayesi-dizisi-cok-yakinda-kanal-d.jpeg\"><img loading=\"lazy\" decoding=\"async\" class=\"alignnone size-medium wp-image-10506\" src=\"http:\/\/balcilar-blog.com\/wp-content\/uploads\/2015\/08\/bir-deniz-hikayesi-dizisi-cok-yakinda-kanal-d-300x166.jpeg\" alt=\"bir-deniz-hikayesi-dizisi-cok-yakinda-kanal-d\" width=\"300\" height=\"166\" srcset=\"https:\/\/balcilar-blog.com\/wp-content\/uploads\/2015\/08\/bir-deniz-hikayesi-dizisi-cok-yakinda-kanal-d-300x166.jpeg 300w, https:\/\/balcilar-blog.com\/wp-content\/uploads\/2015\/08\/bir-deniz-hikayesi-dizisi-cok-yakinda-kanal-d.jpeg 640w\" sizes=\"auto, (max-width: 300px) 100vw, 300px\" \/><\/a><\/p>\n<p><strong>Bir Deniz Hikayesi<\/strong> : Erler Film T\u00fcrker \u0130nano\u011flunun yap\u0131mc\u0131s\u0131 oldu\u011fu, k\u00fc\u00e7\u00fck oyuncu Emre Berke Zincirci&#8217;nin Emre K\u0131z\u0131l\u0131rmak ve Beg\u00fcm Birg\u00f6ren ile oynad\u0131\u011f\u0131 dizi Eyl\u00fcl ay\u0131nda izleyenlerle bulu\u015facak. Babas\u0131 ile ya\u015fayan annesiz k\u00fc\u00e7\u00fck Deniz&#8217;in hayat hikayesi anlat\u0131l\u0131yor. Eyl\u00fcl&#8217;de Kanal D ekranlar\u0131nda olacak.<\/p>\n<p>&nbsp;<\/p>\n<p><a href=\"http:\/\/balcilar-blog.com\/wp-content\/uploads\/2015\/06\/gunesin-kizlari-oyunculari.png\"><img loading=\"lazy\" decoding=\"async\" class=\"alignnone size-medium wp-image-9781\" src=\"http:\/\/balcilar-blog.com\/wp-content\/uploads\/2015\/06\/gunesin-kizlari-oyunculari-300x159.png\" alt=\"gunesin-kizlari-oyunculari\" width=\"300\" height=\"159\" srcset=\"https:\/\/balcilar-blog.com\/wp-content\/uploads\/2015\/06\/gunesin-kizlari-oyunculari-300x159.png 300w, https:\/\/balcilar-blog.com\/wp-content\/uploads\/2015\/06\/gunesin-kizlari-oyunculari.png 640w\" sizes=\"auto, (max-width: 300px) 100vw, 300px\" \/><\/a><\/p>\n<p><strong>G\u00fcne\u015fin K\u0131zlar\u0131<\/strong>: Yaz dizisi olarak ba\u015flayan Emre K\u0131nay ile Evrim Alasya&#8217;n\u0131n dizisi G\u00fcne\u015fin K\u0131zlar\u0131 yeni sezonda, sezon dizisi olarak devam edecek. Yay\u0131n g\u00fcn\u00fcn\u00fc Pazartesi ak\u015famlar\u0131na ald\u0131\u011f\u0131 dizi yeni sezonda sezon dizisi olarak Pazartesi ak\u015famlar\u0131 yay\u0131nlanacak. Sevilen dizide Tolga Sar\u0131ta\u015f, Berk Atan, Hande Er\u00e7el ve Burcu \u00d6zberk gibi g\u00fc\u00e7l\u00fc oyuncular yer al\u0131yor.<\/p>\n<p><strong>Devam edenler: <\/strong>Arka Sokaklar<strong>, <\/strong>G\u00fcllerin Sava\u015f\u0131<strong>,\u00a0<\/strong>Kurtlar Vadisi Pusu, Poyraz Karayel,<\/p>\n<p>&#8212;&#8212;&#8212;&#8212;&#8212;&#8212;&#8212;&#8212;&#8212;&#8212;&#8212;&#8212;&#8212;&#8212;&#8212;&#8212;&#8212;&#8212;&#8212;&#8212;&#8212;&#8212;&#8212;&#8212;&#8212;&#8212;&#8212;&#8212;&#8212;&#8212;&#8212;&#8212;&#8212;&#8212;&#8212;&#8212;&#8212;&#8212;&#8212;&#8212;&#8212;&#8211;<\/p>\n<p><strong>SAMANYOLU TV<\/strong> : \u00a0\u00a0<a href=\"http:\/\/balcilar-blog.com\/wp-content\/uploads\/2015\/06\/Digiturk-Samanyolu-TV.jpg\"><img loading=\"lazy\" decoding=\"async\" class=\"alignnone size-medium wp-image-9361\" src=\"http:\/\/balcilar-blog.com\/wp-content\/uploads\/2015\/06\/Digiturk-Samanyolu-TV-300x201.jpg\" alt=\"Digiturk-Samanyolu-TV\" width=\"300\" height=\"201\" srcset=\"https:\/\/balcilar-blog.com\/wp-content\/uploads\/2015\/06\/Digiturk-Samanyolu-TV-300x201.jpg 300w, https:\/\/balcilar-blog.com\/wp-content\/uploads\/2015\/06\/Digiturk-Samanyolu-TV.jpg 314w\" sizes=\"auto, (max-width: 300px) 100vw, 300px\" \/><\/a><\/p>\n<p><a href=\"http:\/\/balcilar-blog.com\/wp-content\/uploads\/2015\/07\/yeni-dizi-cinarin-golgesinde-.jpg\"><img loading=\"lazy\" decoding=\"async\" class=\"alignnone size-medium wp-image-10194\" src=\"http:\/\/balcilar-blog.com\/wp-content\/uploads\/2015\/07\/yeni-dizi-cinarin-golgesinde--300x145.jpg\" alt=\"yeni dizi-cinarin-golgesinde-\" width=\"300\" height=\"145\" srcset=\"https:\/\/balcilar-blog.com\/wp-content\/uploads\/2015\/07\/yeni-dizi-cinarin-golgesinde--300x145.jpg 300w, https:\/\/balcilar-blog.com\/wp-content\/uploads\/2015\/07\/yeni-dizi-cinarin-golgesinde-.jpg 640w\" sizes=\"auto, (max-width: 300px) 100vw, 300px\" \/><\/a><\/p>\n<p>G\u00fcnl\u00fck dizi olarak gelen &#8220;<strong>\u00c7\u0131nar\u0131n G\u00f6lgesinde<\/strong>&#8221; hayli ilgi \u00e7ekece\u011fe benziyor.<\/p>\n<p>&nbsp;<\/p>\n<p><a href=\"http:\/\/balcilar-blog.com\/wp-content\/uploads\/2015\/08\/11906332_1706327242937176_722411594_n.jpg\"><img loading=\"lazy\" decoding=\"async\" class=\"alignnone size-medium wp-image-10518\" src=\"http:\/\/balcilar-blog.com\/wp-content\/uploads\/2015\/08\/11906332_1706327242937176_722411594_n-300x137.jpg\" alt=\"11906332_1706327242937176_722411594_n\" width=\"300\" height=\"137\" srcset=\"https:\/\/balcilar-blog.com\/wp-content\/uploads\/2015\/08\/11906332_1706327242937176_722411594_n-300x137.jpg 300w, https:\/\/balcilar-blog.com\/wp-content\/uploads\/2015\/08\/11906332_1706327242937176_722411594_n.jpg 640w\" sizes=\"auto, (max-width: 300px) 100vw, 300px\" \/><\/a><\/p>\n<p><strong>Habil Kabil<\/strong>: STV&#8217;nin iddial\u0131 yeni dizisi Habil Kabil, bir modern Habil Kabil hikayesi olarak geliyor ekranlara&#8230;<\/p>\n<p><strong>Devam edenler: <\/strong>K\u00fc\u00e7\u00fck Gelin<strong>, <\/strong>K\u00fc\u00e7\u00fck K\u0131yamet, Sungurlar ve Ekip 1.<\/p>\n<p>&#8212;&#8212;&#8212;&#8212;&#8212;&#8212;&#8212;&#8212;&#8212;&#8212;&#8212;&#8212;&#8212;&#8212;&#8212;&#8212;&#8212;&#8212;&#8212;&#8212;&#8212;&#8212;&#8212;&#8212;&#8212;&#8212;&#8212;&#8212;&#8212;&#8212;&#8212;&#8212;&#8212;&#8212;&#8212;&#8212;&#8212;-<\/p>\n<p><strong>SHOW TV<\/strong> : \u00a0\u00a0<a href=\"http:\/\/balcilar-blog.com\/wp-content\/uploads\/2014\/07\/untitled-show.png\"><img loading=\"lazy\" decoding=\"async\" class=\"alignnone size-thumbnail wp-image-2609\" src=\"http:\/\/balcilar-blog.com\/wp-content\/uploads\/2014\/07\/untitled-show-150x150.png\" alt=\"untitled show\" width=\"150\" height=\"150\" \/><\/a><\/p>\n<p><a href=\"http:\/\/balcilar-blog.com\/wp-content\/uploads\/2015\/08\/240820152321042114720_2.jpg\"><img loading=\"lazy\" decoding=\"async\" class=\"alignnone size-medium wp-image-10507\" src=\"http:\/\/balcilar-blog.com\/wp-content\/uploads\/2015\/08\/240820152321042114720_2-300x170.jpg\" alt=\"240820152321042114720_2\" width=\"300\" height=\"170\" srcset=\"https:\/\/balcilar-blog.com\/wp-content\/uploads\/2015\/08\/240820152321042114720_2-300x170.jpg 300w, https:\/\/balcilar-blog.com\/wp-content\/uploads\/2015\/08\/240820152321042114720_2.jpg 640w\" sizes=\"auto, (max-width: 300px) 100vw, 300px\" \/><\/a><\/p>\n<p><strong>May\u0131s Krali\u00e7esi<\/strong>: Bir Mint \u00a0Yap\u0131m dizisi olan May\u0131s Krali\u00e7esi, bir Kore dizisinden al\u0131nt\u0131. Ya\u011fmur Tanr\u0131sevsin oynad\u0131\u011f\u0131 dizide Ya\u011fmur, bir kaynak\u00e7\u0131 k\u0131z olan Nehir karakterini canland\u0131r\u0131yor. Ekim ay\u0131 i\u00e7inde yay\u0131nlanmas\u0131 planlanan dizide, Meltem Cumbul, \u00dcmit \u00c7\u0131rak, Bet\u00fcl Alganatay ve Samet S\u0131rmal\u0131 rol al\u0131yor.<\/p>\n<p><strong>Devam edenler:<\/strong> Acil A\u015fk Aran\u0131yor,<strong>\u00a0<\/strong>Y\u0131lanlar\u0131n \u00d6c\u00fc,<\/p>\n<p>&#8212;&#8212;&#8212;&#8212;&#8212;&#8212;&#8212;&#8212;&#8212;&#8212;&#8212;&#8212;&#8212;&#8212;&#8212;&#8212;&#8212;&#8212;&#8212;&#8212;&#8212;&#8212;&#8212;&#8212;&#8212;&#8212;&#8212;&#8212;&#8212;&#8212;&#8212;&#8212;&#8212;&#8212;&#8212;&#8212;&#8212;&#8212;&#8212;&#8212;<\/p>\n<p><strong>STAR TV<\/strong> : \u00a0\u00a0<a href=\"http:\/\/balcilar-blog.com\/wp-content\/uploads\/2015\/05\/hqdefault-STAR-TV1.jpg\"><img loading=\"lazy\" decoding=\"async\" class=\"alignnone size-thumbnail wp-image-9155\" src=\"http:\/\/balcilar-blog.com\/wp-content\/uploads\/2015\/05\/hqdefault-STAR-TV1-150x150.jpg\" alt=\"hqdefault STAR TV\" width=\"150\" height=\"150\" \/><\/a><\/p>\n<p><a href=\"http:\/\/balcilar-blog.com\/wp-content\/uploads\/2015\/08\/hat\u0131rla-g\u00f6n\u00fcl.jpeg\"><img loading=\"lazy\" decoding=\"async\" class=\"alignnone size-medium wp-image-10500\" src=\"http:\/\/balcilar-blog.com\/wp-content\/uploads\/2015\/08\/hat\u0131rla-g\u00f6n\u00fcl-300x155.jpeg\" alt=\"hat\u0131rla g\u00f6n\u00fcl\" width=\"300\" height=\"155\" srcset=\"https:\/\/balcilar-blog.com\/wp-content\/uploads\/2015\/08\/hat\u0131rla-g\u00f6n\u00fcl-300x155.jpeg 300w, https:\/\/balcilar-blog.com\/wp-content\/uploads\/2015\/08\/hat\u0131rla-g\u00f6n\u00fcl.jpeg 640w\" sizes=\"auto, (max-width: 300px) 100vw, 300px\" \/><\/a><\/p>\n<p><strong>Hat\u0131rla G\u00f6n\u00fcl<\/strong>: Ba\u015fl\u0131ca rollerini G\u00f6k\u00e7e Bahad\u0131r, Engin \u00d6zt\u00fcrk ve Onur Saylak&#8217;\u0131n oynad\u0131\u011f\u0131 dizinin \u00e7ekimleri devam ediyor. Y\u00f6netmenli\u011fini G\u00fcl O\u011fuz&#8217;un yapt\u0131\u011f\u0131 dizinin senaryosunu Deniz Ye\u015filg\u00fcn ile Esra \u00c7elik yaz\u0131yor. &#8216;G\u00f6n\u00fcl&#8217; karakterini canland\u0131ran G\u00f6k\u00e7e Bahad\u0131r, iki erke\u011fin tutkulu a\u015fk\u0131 aras\u0131nda s\u00fcreklenen bir kad\u0131n\u0131 oynuyor.<\/p>\n<p>&nbsp;<\/p>\n<p><a href=\"http:\/\/balcilar-blog.com\/wp-content\/uploads\/2015\/08\/kara-sevda-2.jpg\"><img loading=\"lazy\" decoding=\"async\" class=\"alignnone size-medium wp-image-10323\" src=\"http:\/\/balcilar-blog.com\/wp-content\/uploads\/2015\/08\/kara-sevda-2-300x209.jpg\" alt=\"kara sevda-2\" width=\"300\" height=\"209\" srcset=\"https:\/\/balcilar-blog.com\/wp-content\/uploads\/2015\/08\/kara-sevda-2-300x209.jpg 300w, https:\/\/balcilar-blog.com\/wp-content\/uploads\/2015\/08\/kara-sevda-2.jpg 640w\" sizes=\"auto, (max-width: 300px) 100vw, 300px\" \/><\/a><\/p>\n<p><strong>Kara Sevda<\/strong>: Burak \u00d6z\u00e7ivit ve Neslihan Atag\u00fcl&#8217;un oynad\u0131\u011f\u0131 a\u015fk dizisinden Furkan And\u0131\u00e7 ayr\u0131ld\u0131. \u00c7ekimler aksad\u0131\u011f\u0131 i\u00e7in dizi ekim ay\u0131 sonlar\u0131nda ekranlara gelecek.<\/p>\n<p>&nbsp;<\/p>\n<p><a href=\"http:\/\/balcilar-blog.com\/wp-content\/uploads\/2015\/07\/images-k\u00f6sem-sultan.jpg\"><img loading=\"lazy\" decoding=\"async\" class=\"alignnone size-medium wp-image-9978\" src=\"http:\/\/balcilar-blog.com\/wp-content\/uploads\/2015\/07\/images-k\u00f6sem-sultan-291x300.jpg\" alt=\"images k\u00f6sem sultan\" width=\"291\" height=\"300\" srcset=\"https:\/\/balcilar-blog.com\/wp-content\/uploads\/2015\/07\/images-k\u00f6sem-sultan-291x300.jpg 291w, https:\/\/balcilar-blog.com\/wp-content\/uploads\/2015\/07\/images-k\u00f6sem-sultan.jpg 480w\" sizes=\"auto, (max-width: 291px) 100vw, 291px\" \/><\/a><\/p>\n<p><strong>K\u00f6sem Sultan<\/strong>: Star Tv&#8217;nin iddial\u0131 dizisi K\u00f6sem Sultan&#8217;\u0131n ilk b\u00f6l\u00fcm\u00fc \u00a01 Ekim per\u015fembe ak\u015fam\u0131 ba\u015flayacak. Beren Saat&#8217;in K\u00f6sem Sultan karakterini canland\u0131raca\u011f\u0131 dizide H\u00fclya Af\u015far, Mete Horozo\u011flu, Fikret Ku\u015fkan, Ekin Ko\u00e7, Berk Cankat ve Kadir Do\u011fulu gibi bir \u00e7ok \u00fcnl\u00fc oyuncu yer al\u0131yor. K\u00f6sem Sultan&#8217;\u0131n gen\u00e7li\u011fini Atinal\u0131 bir k\u0131z canland\u0131racak. 9. b\u00f6l\u00fcmden itibaren K\u00f6sem Sultan olarak Beren Saat devam edecek. Son dakika haberine g\u00f6re, Survivor 2014 ve Survivor All Star \u015fampiyonu olan Turabi \u00c7amk\u0131ran da diziye dahil olmu\u015ftur.<\/p>\n<p>&nbsp;<\/p>\n<p><a href=\"http:\/\/balcilar-blog.com\/wp-content\/uploads\/2015\/08\/images-cesaret.jpg\"><img loading=\"lazy\" decoding=\"async\" class=\"alignnone size-medium wp-image-10501\" src=\"http:\/\/balcilar-blog.com\/wp-content\/uploads\/2015\/08\/images-cesaret-300x189.jpg\" alt=\"images cesaret\" width=\"300\" height=\"189\" srcset=\"https:\/\/balcilar-blog.com\/wp-content\/uploads\/2015\/08\/images-cesaret-300x189.jpg 300w, https:\/\/balcilar-blog.com\/wp-content\/uploads\/2015\/08\/images-cesaret.jpg 640w\" sizes=\"auto, (max-width: 300px) 100vw, 300px\" \/><\/a><\/p>\n<p><strong>Cesaret<\/strong> : Meryem Uzerli ve Murat Y\u0131ld\u0131r\u0131m&#8217;\u0131n ba\u015f rol\u00fc oynayaca\u011f\u0131 dizinin \u00e7ekimlerinde sorun ya\u015fan\u0131yor. Meryem Uzerli&#8217;nin senaryoyu be\u011fenmemesi nedeniyle sorunlar ya\u015fanm\u0131\u015ft\u0131. \u015eimdi de \u00e7ekime gelmemi\u015f. Dizinin akibetinde netlik yok.<\/p>\n<p><a href=\"http:\/\/balcilar-blog.com\/wp-content\/uploads\/2015\/08\/vahide-percimin-yeni-dizisi.jpg\"><img loading=\"lazy\" decoding=\"async\" class=\"alignnone size-medium wp-image-10509\" src=\"http:\/\/balcilar-blog.com\/wp-content\/uploads\/2015\/08\/vahide-percimin-yeni-dizisi-300x158.jpg\" alt=\"vahide-percimin-yeni-dizisi\" width=\"300\" height=\"158\" srcset=\"https:\/\/balcilar-blog.com\/wp-content\/uploads\/2015\/08\/vahide-percimin-yeni-dizisi-300x158.jpg 300w, https:\/\/balcilar-blog.com\/wp-content\/uploads\/2015\/08\/vahide-percimin-yeni-dizisi.jpg 640w\" sizes=\"auto, (max-width: 300px) 100vw, 300px\" \/><\/a><\/p>\n<p><strong>G\u00f6\u00e7 Zaman\u0131:<\/strong>\u00a0Vahide Per\u00e7in ve Sel\u00e7uk Y\u00f6ntem&#8217;in ba\u015f rol\u00fc oynad\u0131klar\u0131 dizi ile ilgili \u00e7al\u0131\u015fmalar devam ediyor. Son bir y\u0131ld\u0131r g\u00fcndeme gelen dizide, \u0130pek Tuzcuo\u011flu, Mehmet Aslantu\u011f ve \u0130clal Ayd\u0131&#8217;\u0131n isimleri ge\u00e7iyor.<\/p>\n<p>Yaz dizilerinden sevilen dizi, Kiral\u0131k A\u015fk, \u00c7ilek Kokusu ve Tatl\u0131 K\u00fc\u00e7\u00fck Yalanc\u0131lar sezon dizisi olarak devam edecekler.<\/p>\n<p><strong>Devam edenler:\u00a0<\/strong>Kaderimin Yaz\u0131ld\u0131\u011f\u0131 G\u00fcn<strong>, <\/strong>Parampar\u00e7a.<\/p>\n<p>&#8212;&#8212;&#8212;&#8212;&#8212;&#8212;&#8212;&#8212;&#8212;&#8212;&#8212;&#8212;&#8212;&#8212;&#8212;&#8212;&#8212;&#8212;&#8212;&#8212;&#8212;&#8212;&#8212;&#8212;&#8212;&#8212;&#8212;&#8212;&#8212;&#8212;&#8212;&#8212;&#8212;&#8212;&#8212;&#8212;&#8212;&#8212;&#8212;<\/p>\n<p><strong>TRT 1<\/strong> : \u00a0<a href=\"http:\/\/balcilar-blog.com\/wp-content\/uploads\/2014\/07\/untitled-trt.png\"><img loading=\"lazy\" decoding=\"async\" class=\"alignnone size-thumbnail wp-image-2610\" src=\"http:\/\/balcilar-blog.com\/wp-content\/uploads\/2014\/07\/untitled-trt-150x150.png\" alt=\"untitled trt\" width=\"150\" height=\"150\" \/><\/a><\/p>\n<p><a href=\"http:\/\/balcilar-blog.com\/wp-content\/uploads\/2015\/08\/i\u00e7erik-aynadaki-g\u00f6ky\u00fcz\u00fc.jpg\"><img loading=\"lazy\" decoding=\"async\" class=\"alignnone size-medium wp-image-10508\" src=\"http:\/\/balcilar-blog.com\/wp-content\/uploads\/2015\/08\/i\u00e7erik-aynadaki-g\u00f6ky\u00fcz\u00fc-300x165.jpg\" alt=\"i\u00e7erik aynadaki g\u00f6ky\u00fcz\u00fc\" width=\"300\" height=\"165\" srcset=\"https:\/\/balcilar-blog.com\/wp-content\/uploads\/2015\/08\/i\u00e7erik-aynadaki-g\u00f6ky\u00fcz\u00fc-300x165.jpg 300w, https:\/\/balcilar-blog.com\/wp-content\/uploads\/2015\/08\/i\u00e7erik-aynadaki-g\u00f6ky\u00fcz\u00fc.jpg 640w\" sizes=\"auto, (max-width: 300px) 100vw, 300px\" \/><\/a><\/p>\n<p><strong>Aynadaki G\u00f6ky\u00fcz\u00fc<\/strong>: 1968 ku\u015fa\u011f\u0131ndan bu tarafa, Abdullah G\u00fcl, Recep Tayip Erdo\u011fan, Necmettin Erbakan gibi baz\u0131 siyasilerin hayatlar\u0131 ve siyasi m\u00fccadeleleri TRT ekranlara geliyor.<\/p>\n<p><a href=\"http:\/\/balcilar-blog.com\/wp-content\/uploads\/2015\/08\/Son-\u00c7\u0131k\u0131\u015f-dizisinin-konusu-hikayesi.jpeg\"><img loading=\"lazy\" decoding=\"async\" class=\"alignnone size-medium wp-image-10510\" src=\"http:\/\/balcilar-blog.com\/wp-content\/uploads\/2015\/08\/Son-\u00c7\u0131k\u0131\u015f-dizisinin-konusu-hikayesi-300x271.jpeg\" alt=\"Son-\u00c7\u0131k\u0131\u015f-dizisinin-konusu-hikayesi\" width=\"300\" height=\"271\" srcset=\"https:\/\/balcilar-blog.com\/wp-content\/uploads\/2015\/08\/Son-\u00c7\u0131k\u0131\u015f-dizisinin-konusu-hikayesi-300x271.jpeg 300w, https:\/\/balcilar-blog.com\/wp-content\/uploads\/2015\/08\/Son-\u00c7\u0131k\u0131\u015f-dizisinin-konusu-hikayesi.jpeg 531w\" sizes=\"auto, (max-width: 300px) 100vw, 300px\" \/><\/a><\/p>\n<p><strong>Son \u00c7\u0131k\u0131\u015f<\/strong> :\u00a0TRT 1&#8217;in yay\u0131n ak\u0131\u015f\u0131 i\u00e7erisinde cumartesi g\u00fcnleri yer alacak olan Son \u00c7\u0131k\u0131\u015f bir gen\u00e7lik dizisi. \u0130stanbul&#8217;un kenar bir mahallesinde ba\u015flayan Son \u00c7\u0131k\u0131\u015f dizisi; bir anl\u0131k hatan\u0131n y\u00fck\u00fcn\u00fc omuzlayan Kenan, Cesur ve Zeynep, aras\u0131ndaki olaylar\u0131; h\u0131rs, tutku, pi\u015fmanl\u0131k dolu bir ser\u00fcveni anlat\u0131yor. Bu ser\u00fcvende \u0130mam Yusuf ve \u00d6\u011fretmen Nil\u00fcfer ise &#8220;Bir kereden bir \u015fey olmaz&#8221; diyerek girdikleri karanl\u0131k <img decoding=\"async\" class=\"lazyload\" src=\"http:\/\/img3.mynet.com\/1x1\/grey.gif\" alt=\"\" data-original=\"http:\/\/img3.mynet.com\/1x1\/grey.gif\" \/><span style=\"line-height: 1.5;\">yolda, hayalleri yava\u015f yava\u015f yok olan gen\u00e7lere &#8216;SON \u00c7IKI\u015e&#8217; i\u00e7in bir umut \u0131\u015f\u0131\u011f\u0131 oluyor. Ayhan \u00d6zen&#8217;in y\u00f6netti\u011fi, yap\u0131mc\u0131l\u0131\u011f\u0131n\u0131 Estet Film&#8217;in \u00fcstlendi\u011fi dizinin oyuncu kadrosunda; Furkan Palal\u0131, Tolga G\u00fcle\u00e7, Sultan Uluta\u015f, Or\u00e7un K. Kaygusuz, Deniz Barut gibi gen\u00e7 isimler bulunuyor.<\/span><\/p>\n<p><a href=\"http:\/\/balcilar-blog.com\/wp-content\/uploads\/2015\/08\/baba-candir-dizisi-trt-1-de-basliy.jpeg\"><img loading=\"lazy\" decoding=\"async\" class=\"alignnone size-medium wp-image-10511\" src=\"http:\/\/balcilar-blog.com\/wp-content\/uploads\/2015\/08\/baba-candir-dizisi-trt-1-de-basliy-300x200.jpeg\" alt=\"baba-candir-dizisi-trt-1-de-basliy\" width=\"300\" height=\"200\" srcset=\"https:\/\/balcilar-blog.com\/wp-content\/uploads\/2015\/08\/baba-candir-dizisi-trt-1-de-basliy-300x200.jpeg 300w, https:\/\/balcilar-blog.com\/wp-content\/uploads\/2015\/08\/baba-candir-dizisi-trt-1-de-basliy.jpeg 640w\" sizes=\"auto, (max-width: 300px) 100vw, 300px\" \/><\/a><\/p>\n<p><strong>Baba Cand\u0131r<\/strong> :\u00a0TRT 1 ekranlar\u0131nda pazar g\u00fcnleri ekrana gelecek olan Baba Cand\u0131r, s\u0131cac\u0131k bir aile dizisi. Baba Cand\u0131r; uzun y\u0131llar \u00f6nce e\u015fini kaybedince, \u00fc\u00e7 \u00e7ocu\u011funa hem babal\u0131k hem annelik hem de &#8220;Hayat Ko\u00e7lu\u011fu&#8221; yapmak zorunda kalm\u0131\u015f, emektar bir yufkac\u0131 olan Salih\u2019in ba\u015f\u0131ndan ge\u00e7en bazen ne\u015feli, bazen de h\u00fcz\u00fcnl\u00fc olaylar\u0131 anlat\u0131yor. Yap\u0131mc\u0131l\u0131\u011f\u0131n\u0131 MF Yap\u0131m&#8217;\u0131n \u00fcstlendi\u011fi, y\u00f6netmen koltu\u011funda Yusuf Pirhasan&#8217;\u0131n oturdu\u011fu dizinin oyuncu kadrosunda; Ettar Tanr\u0131\u00f6\u011fen, Uraz Kayg\u0131laro\u011flu, Melis T\u00fcz\u00fcng\u00fc\u00e7, T\u00fclay Bursa, \u00d6zg\u00fcn Karaman, Berna Koralt\u00fcrk, Tolga Pancaro\u011flu, Dila Bayrak, Mehmet Ulay ve Selda \u00d6zbek yer al\u0131yor.<\/p>\n<p><strong>Devam edenler: \u00a0<\/strong>Dirili\u015f Ertu\u011frul, Filinta, Ye\u015fil Deniz, Zengin K\u0131z Fakir O\u011flan.<\/p>\n<p>&#8212;&#8212;&#8212;&#8212;&#8212;&#8212;&#8212;&#8212;&#8212;&#8212;&#8212;&#8212;&#8212;&#8212;&#8212;&#8212;&#8212;&#8212;&#8212;&#8212;&#8212;&#8212;&#8212;&#8212;&#8212;&#8212;&#8212;&#8212;&#8212;&#8212;&#8212;&#8212;&#8212;&#8212;&#8212;&#8212;&#8212;&#8212;&#8212;-<\/p>\n<p><strong>TV8<\/strong> : \u00a0<a href=\"http:\/\/balcilar-blog.com\/wp-content\/uploads\/2015\/08\/tv-8-canli-yayin-izleme-1-0-androi.jpg\"><img loading=\"lazy\" decoding=\"async\" class=\"alignnone size-thumbnail wp-image-10512\" src=\"http:\/\/balcilar-blog.com\/wp-content\/uploads\/2015\/08\/tv-8-canli-yayin-izleme-1-0-androi-150x150.jpg\" alt=\"tv-8-canli-yayin-izleme-1-0-androi\" width=\"150\" height=\"150\" \/><\/a><\/p>\n<p>TV8&#8217;in tek nazar boncu\u011fu dizisi olan, &#8220;Maral En G\u00fczel Hikayem&#8221; Eyl\u00fcl yeni sezonda 13.B\u00f6l\u00fcm\u00fc ile kald\u0131\u011f\u0131 yerden devam edecektir. 28 B\u00f6l\u00fcmde sona erecek dizinin devam\u0131 gelip gelmeyece\u011fini bilmiyoruz. Hazal Kaya ve Aras Bulut \u0130ynemli&#8217;nin sevilen dizisi, \u015fayet son b\u00f6l\u00fcmlerde ayn\u0131 ak\u0131c\u0131l\u0131\u011f\u0131 devam\u0131 ederse, 2016 sezon sonuna kadar devam eder.<\/p>\n<p><a href=\"http:\/\/balcilar-blog.com\/wp-content\/uploads\/2015\/03\/\u0130\u00e7erik-maral.jpg\"><img loading=\"lazy\" decoding=\"async\" class=\"alignnone size-medium wp-image-7015\" src=\"http:\/\/balcilar-blog.com\/wp-content\/uploads\/2015\/03\/\u0130\u00e7erik-maral-300x166.jpg\" alt=\"\u0130\u00e7erik maral\" width=\"300\" height=\"166\" srcset=\"https:\/\/balcilar-blog.com\/wp-content\/uploads\/2015\/03\/\u0130\u00e7erik-maral-300x166.jpg 300w, https:\/\/balcilar-blog.com\/wp-content\/uploads\/2015\/03\/\u0130\u00e7erik-maral.jpg 700w\" sizes=\"auto, (max-width: 300px) 100vw, 300px\" \/><\/a><\/p>\n<p><strong>Devam edenler: <\/strong>Maral En G\u00fczel Hikayem.<\/p>\n<div id=\"newstext\" class=\"row-fluid page-content\">\n<div id=\"newsbody\">\n<div><\/div>\n<div>\u0130\u015fte say\u0131n okurlar\u0131m, sizler i\u00e7in derledi\u011fim yeni dizi bilgilerini dilimin d\u00f6nd\u00fc\u011f\u00fc kadar tan\u0131tmaya \u00e7al\u0131\u015ft\u0131m. Bakal\u0131m bu dizlerden hangileri tutunacak, hangileri yaprak d\u00f6k\u00fcm\u00fcne u\u011frayacak, yeni sezonda seyredip hep birlikte g\u00f6rece\u011fiz.<\/div>\n<\/div>\n<\/div>\n<div><\/div>\n<div>2015 &#8211; 2016 dizi sezonu kanallar, dizilerimiz, yap\u0131mc\u0131lar\u0131m\u0131z ve oyuncular\u0131m\u0131z i\u00e7in verimli ve s\u00fcrekli olmas\u0131n\u0131 dilerim.<\/div>\n<div><\/div>\n<div>\n<p>Sayg\u0131lar ve sevgiler.<\/p>\n<p>Abdurrahman Balc\u0131lar<\/p>\n<p>Twitter: abdurrahman balc\u0131lar@abbalcilar<\/p>\n<p>Mail : <a href=\"mailto:ab.balcilar@hotmail.com\">ab.balcilar@hotmail.com<\/a><\/p>\n<p>Blog:\u00a0<a href=\"http:\/\/t.co\/znqmIZgIqn\">blog.milliyet.com.tr\/cansever<\/a><\/p>\n<p>Blog:\u00a0<strong>balcilar<\/strong>&#8211;<strong>blog.com<\/strong><\/p>\n<\/div>\n<div><\/div>\n<div><\/div>\n<div>Not: G\u00f6rseller ve yeni diziler hakk\u0131nda bilgiler interletten al\u0131nm\u0131\u015ft\u0131r.<\/div>\n<div id=\"newstext\" class=\"row-fluid page-content\">\n<div id=\"newsbody\">\n<div><\/div>\n<div>\n<p>&nbsp;<\/p>\n<p>&nbsp;<\/p>\n<\/div>\n<\/div>\n<\/div>\n","protected":false},"excerpt":{"rendered":"<p>Yeni sezonun ba\u015flamas\u0131na az bir s\u00fcre kald\u0131. Televizyonlarda \u00e7al\u0131\u015fmalar h\u0131zla devam ediyor. Mevcut eski dizilerin ikinci ya da \u00fc\u00e7\u00fcnc\u00fc sezonu ba\u015flayacak, bu eski dizilere yeni ba\u015flayacak iddial\u0131 dizlerle takviye edecekler. En \u00e7ok merak edilen ise; yaz sezonunu kurtaran dizilerin ak\u0131beti ne olacak? \u0130zleyici say\u0131s\u0131n\u0131n d\u00fc\u015ft\u00fc\u011f\u00fc s\u0131cak g\u00fcnlerde zirvede kalmay\u0131 ba\u015farabilen dizilerin, yeni d\u00f6nemde g\u00fc\u00e7l\u00fc rakipler [&hellip;]<\/p>\n","protected":false},"author":3,"featured_media":0,"comment_status":"open","ping_status":"open","sticky":false,"template":"","format":"standard","meta":{"footnotes":""},"categories":[2],"tags":[48,817,129,91,35,21,819,818],"class_list":["post-10441","post","type-post","status-publish","format-standard","hentry","category-tv-programlari","tag-atv","tag-eylul-2015-yeni-diziler","tag-fox-tv","tag-kanal-d","tag-show-tv","tag-trt-1","tag-tv-8-samanyolu","tag-yeni-sezon"],"views":4803,"blog_post_layout_featured_media_urls":{"thumbnail":"","full":""},"categories_names":{"2":{"name":"TV Programlar\u0131","link":"https:\/\/balcilar-blog.com\/?cat=2"}},"tags_names":{"48":{"name":"ATV","link":"https:\/\/balcilar-blog.com\/?tag=atv"},"817":{"name":"Eyl\u00fcl 2015 yeni diziler","link":"https:\/\/balcilar-blog.com\/?tag=eylul-2015-yeni-diziler"},"129":{"name":"Fox Tv","link":"https:\/\/balcilar-blog.com\/?tag=fox-tv"},"91":{"name":"Kanal D","link":"https:\/\/balcilar-blog.com\/?tag=kanal-d"},"35":{"name":"Show Tv","link":"https:\/\/balcilar-blog.com\/?tag=show-tv"},"21":{"name":"TRT 1","link":"https:\/\/balcilar-blog.com\/?tag=trt-1"},"819":{"name":"Tv 8 Samanyolu","link":"https:\/\/balcilar-blog.com\/?tag=tv-8-samanyolu"},"818":{"name":"Yeni Sezon","link":"https:\/\/balcilar-blog.com\/?tag=yeni-sezon"}},"comments_number":"0","wpmagazine_modules_lite_featured_media_urls":{"thumbnail":"","cvmm-medium":"","cvmm-medium-plus":"","cvmm-portrait":"","cvmm-medium-square":"","cvmm-large":"","cvmm-small":"","full":""},"_links":{"self":[{"href":"https:\/\/balcilar-blog.com\/index.php?rest_route=\/wp\/v2\/posts\/10441","targetHints":{"allow":["GET"]}}],"collection":[{"href":"https:\/\/balcilar-blog.com\/index.php?rest_route=\/wp\/v2\/posts"}],"about":[{"href":"https:\/\/balcilar-blog.com\/index.php?rest_route=\/wp\/v2\/types\/post"}],"author":[{"embeddable":true,"href":"https:\/\/balcilar-blog.com\/index.php?rest_route=\/wp\/v2\/users\/3"}],"replies":[{"embeddable":true,"href":"https:\/\/balcilar-blog.com\/index.php?rest_route=%2Fwp%2Fv2%2Fcomments&post=10441"}],"version-history":[{"count":5,"href":"https:\/\/balcilar-blog.com\/index.php?rest_route=\/wp\/v2\/posts\/10441\/revisions"}],"predecessor-version":[{"id":10519,"href":"https:\/\/balcilar-blog.com\/index.php?rest_route=\/wp\/v2\/posts\/10441\/revisions\/10519"}],"wp:attachment":[{"href":"https:\/\/balcilar-blog.com\/index.php?rest_route=%2Fwp%2Fv2%2Fmedia&parent=10441"}],"wp:term":[{"taxonomy":"category","embeddable":true,"href":"https:\/\/balcilar-blog.com\/index.php?rest_route=%2Fwp%2Fv2%2Fcategories&post=10441"},{"taxonomy":"post_tag","embeddable":true,"href":"https:\/\/balcilar-blog.com\/index.php?rest_route=%2Fwp%2Fv2%2Ftags&post=10441"}],"curies":[{"name":"wp","href":"https:\/\/api.w.org\/{rel}","templated":true}]}}