{"id":10341,"date":"2015-08-11T19:40:16","date_gmt":"2015-08-11T16:40:16","guid":{"rendered":"http:\/\/balcilar-blog.com\/?p=10341"},"modified":"2015-08-13T10:26:37","modified_gmt":"2015-08-13T07:26:37","slug":"atvde-eskiya-dunyaya-hukumdar-olmaz-kurtlar-vadisine-guclu-rakip","status":"publish","type":"post","link":"https:\/\/balcilar-blog.com\/?p=10341","title":{"rendered":"Atv&#8217;nin yeni dizisi &#8220;E\u015fk\u0131ya D\u00fcnya&#8217;ya H\u00fck\u00fcmdar Olmaz&#8221;, Kurtlar Vadisi&#8217;ne g\u00fc\u00e7l\u00fc rakip mi?"},"content":{"rendered":"<p><a href=\"http:\/\/balcilar-blog.com\/wp-content\/uploads\/2015\/08\/Ekran-Al\u0131nt\u0131s\u0131atv.5.png\"><img loading=\"lazy\" decoding=\"async\" class=\"alignnone size-full wp-image-10345\" src=\"http:\/\/balcilar-blog.com\/wp-content\/uploads\/2015\/08\/Ekran-Al\u0131nt\u0131s\u0131atv.5.png\" alt=\"Ekran Al\u0131nt\u0131s\u0131atv.5\" width=\"640\" height=\"372\" srcset=\"https:\/\/balcilar-blog.com\/wp-content\/uploads\/2015\/08\/Ekran-Al\u0131nt\u0131s\u0131atv.5.png 640w, https:\/\/balcilar-blog.com\/wp-content\/uploads\/2015\/08\/Ekran-Al\u0131nt\u0131s\u0131atv.5-300x174.png 300w\" sizes=\"auto, (max-width: 640px) 100vw, 640px\" \/><\/a><\/p>\n<p>Kurtlar Vadisi&#8217;nin karde\u015fi Necati \u015ea\u015fmaz&#8217;a b\u0131rak\u0131p Pana Film ortakl\u0131\u011f\u0131ndan ayr\u0131lan abi Raci \u015ea\u015fmaz, &#8216;E\u015fk\u0131ya D\u00fcnya&#8217;ya H\u00fck\u00fcmdar Olmaz&#8217;la sekt\u00f6re d\u00f6n\u00fc\u015f yapt\u0131. Bu da demektir ki, Kanal D&#8217;deki &#8220;Kurtlar Vadisi Pusu&#8221;ya ciddi rakip olacakt\u0131r. Raci \u015ea\u015fmaz hem diziyi, hem de Pana Film&#8217;i karde\u015fi Necati \u015ea\u015fmaz&#8217;a b\u0131rakm\u0131\u015ft\u0131r.<\/p>\n<p>Bilindi\u011fi gibi Kurtlar Vadisi 15 Ocak 2003 y\u0131l\u0131nda Osman S\u0131nav ile Show Tv&#8217;de &#8220;Bu bir mafya dizisidir&#8221; slogan\u0131 ile ba\u015flam\u0131\u015ft\u0131. \u0130lk b\u00f6l\u00fcmlerinde Oktay Kaynarca &#8220;\u00c7ak\u0131r&#8221; karakteri ile \u00e7ok tutulmu\u015ftur.<\/p>\n<p>\u015eimdi gene Oktay Kaynarca ile ATV&#8217;de mafya babas\u0131 &#8220;H\u0131z\u0131r \u00c7ak\u0131rbeyli&#8221; rol\u00fc ile ile ekranlara geliyor. Atv ekranlar\u0131nda ilk fragmanlar\u0131 d\u00f6nmeye ba\u015flad\u0131 ve olduk\u00e7a etkileyici bir tan\u0131t\u0131m olmu\u015f.<\/p>\n<p>&nbsp;<\/p>\n<p><a href=\"http:\/\/balcilar-blog.com\/wp-content\/uploads\/2015\/08\/Ekran-Al\u0131nt\u0131s\u0131atv.4.png\"><img loading=\"lazy\" decoding=\"async\" class=\"alignnone size-full wp-image-10344\" src=\"http:\/\/balcilar-blog.com\/wp-content\/uploads\/2015\/08\/Ekran-Al\u0131nt\u0131s\u0131atv.4.png\" alt=\"Ekran Al\u0131nt\u0131s\u0131atv.4\" width=\"640\" height=\"360\" srcset=\"https:\/\/balcilar-blog.com\/wp-content\/uploads\/2015\/08\/Ekran-Al\u0131nt\u0131s\u0131atv.4.png 640w, https:\/\/balcilar-blog.com\/wp-content\/uploads\/2015\/08\/Ekran-Al\u0131nt\u0131s\u0131atv.4-300x169.png 300w\" sizes=\"auto, (max-width: 640px) 100vw, 640px\" \/><\/a><\/p>\n<div id=\"inread\">Deniz \u00c7ak\u0131r&#8217;\u0131n &#8216;H\u0131z\u0131r&#8217;\u0131n e\u015fini oynad\u0131\u011f\u0131 mafya ve a\u015fk dizisinin y\u00f6netmen koltu\u011funda da &#8216;Kurtlar Vadisi Pusu&#8217;yu \u00fc\u00e7 sezon \u00e7eken Onur Tan var. &#8216;Kurtlar Vadisi&#8217;nde oldu\u011fu gibi &#8216;E\u015fk\u0131ya D\u00fcnya&#8217;ya H\u00fck\u00fcmdar Olmaz&#8217;\u0131n senaryosunu Raci \u015ea\u015fmaz&#8217;la birlikte sezon ba\u015f\u0131nda Necati \u015ea\u015fmaz&#8217;la yollar\u0131n\u0131 ay\u0131ran &#8216;Vadi&#8217;nin eski senaristi Bahad\u0131r \u00d6zdener yazacak.<\/div>\n<div><\/div>\n<div><strong>Yap\u0131mc\u0131 :<\/strong> Raci \u015ea\u015fmaz<\/div>\n<div><\/div>\n<div><strong>Y\u00f6netmen : <\/strong>Onur Tan<\/div>\n<div><\/div>\n<div><strong>Seneryo :<\/strong> Raci \u015ea\u015fmaz, Bahad\u0131r \u00d6zdener<\/div>\n<div><\/div>\n<div><strong>Oyuncular : <\/strong>Oktay Kaynarca, Deniz \u00c7ak\u0131r, M\u00fcjde Uzman, Tar\u0131k \u00dcnl\u00fco\u011flu, Yunus Emre Y\u0131ld\u0131r\u0131mer, Ozan Akbaba, Sabina Toziya, Tuna Orhan, Sinan Demirer, Hakan Karsak, Y\u00fcksel Ar\u0131c\u0131, Emre T\u00f6r\u00fcn, Sava\u015f \u00d6zdemir, Hakan Karahan, Sevin\u00e7\u00a0G\u00fcr\u015fen, \u0130ncinur Da\u015fdemir, Benian D\u00f6nmez, Bahattin Do\u011fan, Oktay G\u00fcrsoy, Galip Erdal, Selen Korkutan, Sevcan Ya\u015far,Demet Sevim,Ece Hakim, Can Bartu, Buminhan Dedecan, Yasemin Sakall\u0131o\u011flu<\/div>\n<div><\/div>\n<div>H\u0131z\u0131r \u00c7ak\u0131rbeyli (Okatay Kaynarca) \u00a0 \u00a0 \u00a0 \u00a0 \u00a0 \u00a0 \u00a0 Kar\u0131s\u0131 Meryem (Deniz \u00e7ak\u0131r):<\/div>\n<div><\/div>\n<div><a href=\"http:\/\/balcilar-blog.com\/wp-content\/uploads\/2015\/08\/Ekran-Al\u0131nt\u0131s\u0131atv.2.png\"><img loading=\"lazy\" decoding=\"async\" class=\"alignnone size-medium wp-image-10342\" src=\"http:\/\/balcilar-blog.com\/wp-content\/uploads\/2015\/08\/Ekran-Al\u0131nt\u0131s\u0131atv.2-300x177.png\" alt=\"Ekran Al\u0131nt\u0131s\u0131atv.2\" width=\"300\" height=\"177\" srcset=\"https:\/\/balcilar-blog.com\/wp-content\/uploads\/2015\/08\/Ekran-Al\u0131nt\u0131s\u0131atv.2-300x177.png 300w, https:\/\/balcilar-blog.com\/wp-content\/uploads\/2015\/08\/Ekran-Al\u0131nt\u0131s\u0131atv.2.png 640w\" sizes=\"auto, (max-width: 300px) 100vw, 300px\" \/><\/a>\u00a0<a href=\"http:\/\/balcilar-blog.com\/wp-content\/uploads\/2015\/08\/Ekran-Al\u0131nt\u0131s\u0131atv.3.png\"><img loading=\"lazy\" decoding=\"async\" class=\"alignnone size-medium wp-image-10343\" src=\"http:\/\/balcilar-blog.com\/wp-content\/uploads\/2015\/08\/Ekran-Al\u0131nt\u0131s\u0131atv.3-300x175.png\" alt=\"Ekran Al\u0131nt\u0131s\u0131atv.3\" width=\"300\" height=\"175\" srcset=\"https:\/\/balcilar-blog.com\/wp-content\/uploads\/2015\/08\/Ekran-Al\u0131nt\u0131s\u0131atv.3-300x175.png 300w, https:\/\/balcilar-blog.com\/wp-content\/uploads\/2015\/08\/Ekran-Al\u0131nt\u0131s\u0131atv.3.png 640w\" sizes=\"auto, (max-width: 300px) 100vw, 300px\" \/><\/a><\/div>\n<div><\/div>\n<div>H\u0131z\u0131r&#8217;\u0131n k\u0131z\u0131 \u00a0 \u00a0 \u00a0 \u00a0 \u00a0 \u00a0 \u00a0 \u00a0 \u00a0 \u00a0 \u00a0 \u00a0 \u00a0 \u00a0 \u00a0 \u00a0 \u00a0 \u00a0 \u00a0 \u00a0 \u00a0 \u00a0 \u00a0 \u00a0 \u00a0 \u00a0 \u00a0 \u00a0 ve o\u011flu:<\/div>\n<div><\/div>\n<div><a href=\"http:\/\/balcilar-blog.com\/wp-content\/uploads\/2015\/08\/Ekran-Al\u0131nt\u0131s\u0131atv.7.png\"><img loading=\"lazy\" decoding=\"async\" class=\"alignnone size-medium wp-image-10346\" src=\"http:\/\/balcilar-blog.com\/wp-content\/uploads\/2015\/08\/Ekran-Al\u0131nt\u0131s\u0131atv.7-300x174.png\" alt=\"Ekran Al\u0131nt\u0131s\u0131atv.7\" width=\"300\" height=\"174\" srcset=\"https:\/\/balcilar-blog.com\/wp-content\/uploads\/2015\/08\/Ekran-Al\u0131nt\u0131s\u0131atv.7-300x174.png 300w, https:\/\/balcilar-blog.com\/wp-content\/uploads\/2015\/08\/Ekran-Al\u0131nt\u0131s\u0131atv.7.png 640w\" sizes=\"auto, (max-width: 300px) 100vw, 300px\" \/><\/a>\u00a0<a href=\"http:\/\/balcilar-blog.com\/wp-content\/uploads\/2015\/08\/Ekran-Al\u0131nt\u0131s\u0131atv.8.png\"><img loading=\"lazy\" decoding=\"async\" class=\"alignnone size-medium wp-image-10347\" src=\"http:\/\/balcilar-blog.com\/wp-content\/uploads\/2015\/08\/Ekran-Al\u0131nt\u0131s\u0131atv.8-300x174.png\" alt=\"Ekran Al\u0131nt\u0131s\u0131atv.8\" width=\"300\" height=\"174\" srcset=\"https:\/\/balcilar-blog.com\/wp-content\/uploads\/2015\/08\/Ekran-Al\u0131nt\u0131s\u0131atv.8-300x174.png 300w, https:\/\/balcilar-blog.com\/wp-content\/uploads\/2015\/08\/Ekran-Al\u0131nt\u0131s\u0131atv.8.png 640w\" sizes=\"auto, (max-width: 300px) 100vw, 300px\" \/><\/a><\/div>\n<div><\/div>\n<div><strong>M\u00dcZ\u0130K : Kalan M\u00fczik<\/strong><\/div>\n<div><\/div>\n<div>\u00c7ekimlerine ge\u00e7ti\u011fimiz g\u00fcnlerde \u0130stanbul&#8217;da ba\u015flanan dizide Oktay Kaynarca, &#8216;H\u0131z\u0131r&#8217; adl\u0131 bir mafya babas\u0131n\u0131 canland\u0131r\u0131yor. Kalabal\u0131k bir ailenin reisi olan H\u0131z\u0131r&#8217;\u0131n e\u015fi Meryem&#8217;i de Deniz \u00c7ak\u0131r oynuyor. E\u015fk\u0131ya D\u00fcnya&#8217;ya H\u00fck\u00fcmdar Olmaz&#8217;\u0131n senaryosu ve hareketli kurgusuyla Eyl\u00fcl ay\u0131nda izleyicileri Atv ekran\u0131na ba\u011flayacak.<\/div>\n<div><\/div>\n<div><strong>Dizinin konusu;<\/strong> \u00c7ocuk denecek ya\u015fta girdi\u011fi yeralt\u0131 d\u00fcnyas\u0131n\u0131n tepesine do\u011fru t\u0131rmanmakta olan H\u0131z\u0131r \u00c7ak\u0131rbeyli ve ailesinin hik\u00e2yesi anlat\u0131lmaktad\u0131r. Yeralt\u0131 d\u00fcnyas\u0131na giren her adam haks\u0131zl\u0131klara ba\u015fkald\u0131rmaya yemin eder. G\u00fc\u00e7lenip zenginle\u015ftik\u00e7e kendisi bu haks\u0131zl\u0131klar\u0131n kayna\u011f\u0131 olur\u2026 Bunu kimse konu\u015fmaz, dillendirmez ama i\u015fledi\u011fi c\u00fcr\u00fcmlerin kefareti olarak hay\u0131rsever bir insana d\u00f6n\u00fc\u015f\u00fcr.<\/div>\n<div><\/div>\n<div>Hepsinin g\u00fcd\u00fcs\u00fcnde zenginden al\u0131p fakire vermek vard\u0131r.\u015ea\u015fmaz karde\u015fleri iki ayr\u0131 kanalda kar\u015f\u0131 kar\u015f\u0131ya getiren bu iki diziden hangisi tutulacak. Bunu izleyici karar verecek!<\/div>\n<div><\/div>\n<div>Kanal D : &#8220;Kurtlar Vadisi Pusu &#8211; Necati \u015ea\u015fmaz&#8221;<\/div>\n<div><\/div>\n<div>ATV \u00a0 \u00a0 \u00a0 : &#8220;E\u015fk\u0131ya D\u00fcnya&#8217;ya H\u00fck\u00fcmdar Olamaz &#8211; Oktay Kaynarca&#8221;<\/div>\n<div><\/div>\n<div>Atv&#8217;nin &#8220;E\u015fk\u0131ya D\u00fcnya&#8217;ya H\u00fck\u00fcmdar Olmaz&#8221;, Kurtlar Vadisi&#8217;ne g\u00fc\u00e7l\u00fc rakip mi? Yeni sezonda s\u00f6z konusu rekabeti hep birlikte izleyip g\u00f6rece\u011fiz.<\/div>\n<div><\/div>\n<div>Keyifli Seyirler<\/div>\n<div>\n<p>Sayg\u0131lar ve sevgiler.<\/p>\n<p>Abdurrahman Balc\u0131lar<\/p>\n<p>Twitter: abdurrahman balc\u0131lar@abbalcilar<\/p>\n<p>Mail : <a href=\"mailto:ab.balcilar@hotmail.com\">ab.balcilar@hotmail.com<\/a><\/p>\n<p>Blog:\u00a0<a href=\"http:\/\/t.co\/znqmIZgIqn\">blog.milliyet.com.tr\/cansever<\/a><\/p>\n<p>Blog:\u00a0<strong>balcilar<\/strong>&#8211;<strong>blog.com<\/strong><\/p>\n<\/div>\n<div><\/div>\n<div>Not: Kaynak haber Milliyet.com&#8217;dan al\u0131nm\u0131\u015ft\u0131r.<\/div>\n<div><\/div>\n<p>https:\/\/www.youtube.com\/watch?v=oGVSjJKEZ7o<\/p>\n<p>https:\/\/www.youtube.com\/watch?v=n_oIRL4d8hw<\/p>\n","protected":false},"excerpt":{"rendered":"<p>Kurtlar Vadisi&#8217;nin karde\u015fi Necati \u015ea\u015fmaz&#8217;a b\u0131rak\u0131p Pana Film ortakl\u0131\u011f\u0131ndan ayr\u0131lan abi Raci \u015ea\u015fmaz, &#8216;E\u015fk\u0131ya D\u00fcnya&#8217;ya H\u00fck\u00fcmdar Olmaz&#8217;la sekt\u00f6re d\u00f6n\u00fc\u015f yapt\u0131. Bu da demektir ki, Kanal D&#8217;deki &#8220;Kurtlar Vadisi Pusu&#8221;ya ciddi rakip olacakt\u0131r. Raci \u015ea\u015fmaz hem diziyi, hem de Pana Film&#8217;i karde\u015fi Necati \u015ea\u015fmaz&#8217;a b\u0131rakm\u0131\u015ft\u0131r. Bilindi\u011fi gibi Kurtlar Vadisi 15 Ocak 2003 y\u0131l\u0131nda Osman S\u0131nav ile [&hellip;]<\/p>\n","protected":false},"author":3,"featured_media":0,"comment_status":"open","ping_status":"open","sticky":false,"template":"","format":"standard","meta":{"footnotes":""},"categories":[2],"tags":[48,801,800,428],"class_list":["post-10341","post","type-post","status-publish","format-standard","hentry","category-tv-programlari","tag-atv","tag-eskiya-dunyaya-hukumdar-olmaz","tag-oktay-kaynarca","tag-raci-sasmaz"],"views":5518,"blog_post_layout_featured_media_urls":{"thumbnail":"","full":""},"categories_names":{"2":{"name":"TV Programlar\u0131","link":"https:\/\/balcilar-blog.com\/?cat=2"}},"tags_names":{"48":{"name":"ATV","link":"https:\/\/balcilar-blog.com\/?tag=atv"},"801":{"name":"E\u015fk\u0131ya D\u00fcnya'ya H\u00fck\u00fcmdar Olmaz","link":"https:\/\/balcilar-blog.com\/?tag=eskiya-dunyaya-hukumdar-olmaz"},"800":{"name":"Oktay Kaynarca","link":"https:\/\/balcilar-blog.com\/?tag=oktay-kaynarca"},"428":{"name":"Raci \u015ea\u015fmaz","link":"https:\/\/balcilar-blog.com\/?tag=raci-sasmaz"}},"comments_number":"0","wpmagazine_modules_lite_featured_media_urls":{"thumbnail":"","cvmm-medium":"","cvmm-medium-plus":"","cvmm-portrait":"","cvmm-medium-square":"","cvmm-large":"","cvmm-small":"","full":""},"_links":{"self":[{"href":"https:\/\/balcilar-blog.com\/index.php?rest_route=\/wp\/v2\/posts\/10341","targetHints":{"allow":["GET"]}}],"collection":[{"href":"https:\/\/balcilar-blog.com\/index.php?rest_route=\/wp\/v2\/posts"}],"about":[{"href":"https:\/\/balcilar-blog.com\/index.php?rest_route=\/wp\/v2\/types\/post"}],"author":[{"embeddable":true,"href":"https:\/\/balcilar-blog.com\/index.php?rest_route=\/wp\/v2\/users\/3"}],"replies":[{"embeddable":true,"href":"https:\/\/balcilar-blog.com\/index.php?rest_route=%2Fwp%2Fv2%2Fcomments&post=10341"}],"version-history":[{"count":9,"href":"https:\/\/balcilar-blog.com\/index.php?rest_route=\/wp\/v2\/posts\/10341\/revisions"}],"predecessor-version":[{"id":10356,"href":"https:\/\/balcilar-blog.com\/index.php?rest_route=\/wp\/v2\/posts\/10341\/revisions\/10356"}],"wp:attachment":[{"href":"https:\/\/balcilar-blog.com\/index.php?rest_route=%2Fwp%2Fv2%2Fmedia&parent=10341"}],"wp:term":[{"taxonomy":"category","embeddable":true,"href":"https:\/\/balcilar-blog.com\/index.php?rest_route=%2Fwp%2Fv2%2Fcategories&post=10341"},{"taxonomy":"post_tag","embeddable":true,"href":"https:\/\/balcilar-blog.com\/index.php?rest_route=%2Fwp%2Fv2%2Ftags&post=10341"}],"curies":[{"name":"wp","href":"https:\/\/api.w.org\/{rel}","templated":true}]}}