{"id":10183,"date":"2015-07-27T14:05:34","date_gmt":"2015-07-27T11:05:34","guid":{"rendered":"http:\/\/balcilar-blog.com\/?p=10183"},"modified":"2015-07-27T14:05:34","modified_gmt":"2015-07-27T11:05:34","slug":"gecen-haftanin-20-26-temmuz-en-cok-izlenen-dizileri","status":"publish","type":"post","link":"https:\/\/balcilar-blog.com\/?p=10183","title":{"rendered":"Ge\u00e7en Haftan\u0131n (20 &#8211; 26 Temmuz) en \u00e7ok izlenen dizileri!"},"content":{"rendered":"<p><a href=\"http:\/\/balcilar-blog.com\/wp-content\/uploads\/2015\/07\/cats-20-temmuz.jpg\"><img loading=\"lazy\" decoding=\"async\" class=\"alignnone size-full wp-image-10190\" src=\"http:\/\/balcilar-blog.com\/wp-content\/uploads\/2015\/07\/cats-20-temmuz.jpg\" alt=\"cats 20 temmuz\" width=\"640\" height=\"415\" srcset=\"https:\/\/balcilar-blog.com\/wp-content\/uploads\/2015\/07\/cats-20-temmuz.jpg 640w, https:\/\/balcilar-blog.com\/wp-content\/uploads\/2015\/07\/cats-20-temmuz-300x195.jpg 300w\" sizes=\"auto, (max-width: 640px) 100vw, 640px\" \/><\/a><\/p>\n<p>TNS \u00f6l\u00e7\u00fcmlerine g\u00f6re haz\u0131rlad\u0131\u011f\u0131m 20 &#8211; 26 Temmuz 2015 Tarihleri aras\u0131nda ekranlar\u0131m\u0131za gelen, Total\u2019de ve AB\u2019de ilk 10&#8217;a giren, haftan\u0131n dizi karnesini a\u015fa\u011f\u0131da bilgilerinize sunuyorum.<\/p>\n<p>Art\u0131k t\u00fcm sezon \u00a0dizileri bitti. Art\u0131k meydan yazl\u0131k dizelere kald\u0131. Ge\u00e7en haftalarda Kara Para A\u015fk, Medcezir, Karaday\u0131 ve G\u00fczel K\u00f6yl\u00fc final yaparak yar\u0131\u015ftan \u00e7ekildiler. Parampar\u00e7a, Kaderimin Yaz\u0131ld\u0131\u011f\u0131 G\u00fcn, A\u015fk Yeniden, Dirili\u015f Ertu\u011frul, Kurtlar Vadisi Pusu, Karag\u00fcl, Kertenkele, Poyraz Karayel, G\u00fcllerin Sava\u015f\u0131, Kiraz Mevsimi ve O Hayat Benim sezon finali yaparak yar\u0131\u015ftan \u00e7ekilen diziler oldu. Sezon dizileri tatile \u00e7\u0131kmas\u0131yla yerlerine yaz dizileri aras\u0131nda amans\u0131z bir yar\u0131\u015f ba\u015flad\u0131. \u0130zleyici taraf\u0131ndan be\u011fenilen diziler reytinglerin \u00f6n s\u0131ralar\u0131nda yerini ald\u0131. Kanal D&#8217;nin G\u00fcne\u015fin K\u0131zlar\u0131, Kalbim Egede Kald\u0131, Yaz\u0131n \u00d6yk\u00fcs\u00fc, Star Tv&#8217;de Kiral\u0131k A\u015fk, \u00c7ilek Kokusu, Fox Tv&#8217;de Ad\u0131 Mutluluk, Show Tv&#8217;de \u0130li\u015fki Durumu Kar\u0131\u015f\u0131k \u00f6ne \u00e7\u0131kan diziler oldu.<\/p>\n<p><strong>Reyting Nedir?<\/strong><strong>\u00a0<\/strong><strong><br \/>\n<\/strong>Reyting, izleyici tercihlerine g\u00f6re ortaya \u00e7\u0131kan izlenme pay\u0131n\u0131n kanallara ve programlara payla\u015ft\u0131r\u0131lmas\u0131 ile olu\u015fan de\u011ferlendirmedir. Reyting de\u011ferlendirmesi kanallar ve reklam \u015firketleri ad\u0131na TNS taraf\u0131ndan ger\u00e7ekle\u015ftirilir. \u00d6l\u00e7me i\u015flemi yakla\u015f\u0131k 2200 haneye yerle\u015ftirilen ve gizli tutulan reyting \u00f6l\u00e7me cihazlar\u0131 ile elde edilir. Reyting sonu\u00e7lar\u0131, t\u00fcm g\u00fcn boyunca izlenen programlar\u0131n listelenmesine imkan verir.<\/p>\n<p>Bu hafta en \u00e7ok izlenen ilk ona giren dizlere g\u00f6z atal\u0131m.\u00a0Bu s\u0131ralama sadece dizilerin reytingler y\u00fczdesine g\u00f6re en \u00e7ok izlenen dizilerin ilk 10\u2019da yer alanlar\u0131n\u0131 s\u0131ralamaya koyuyorum. Yar\u0131\u015fma, e\u011flence ve haber programlar\u0131 y\u00fczdeleri y\u00fcksek olsa da bu s\u0131ralamaya koymuyorum. Bu sadece dizilerin yar\u0131\u015f\u0131d\u0131r, en \u00e7ok izlenen dizilerin s\u0131ralamas\u0131d\u0131r. Bir nevi dizilerin karnesidir.<\/p>\n<p><strong>Ge\u00e7en Haftan\u0131n En \u00c7ok \u0130zlenen Dizileri:<\/strong><\/p>\n<p><strong>Total ilk 10.<\/strong><\/p>\n<p>1.Kiral\u0131k A\u015fk 6.B\u00f6l\u00fcm (Star)&#8230;&#8230;&#8230;&#8230;&#8230;&#8230;&#8230;&#8230;&#8230;.8,62 &#8211; 32,39<\/p>\n<p>2.G\u00fcne\u015fin K\u0131zlar\u0131 6.B\u00f6l\u00fcm (Kanal D)&#8230;&#8230;&#8230;&#8230;..6,45 &#8211; 25,48<\/p>\n<p>3.K\u0131rg\u0131n \u00c7i\u00e7ekler 4.B\u00f6l\u00fcm Atv &#8230;&#8230;&#8230;&#8230;&#8230;&#8230;&#8230;&#8230;.5,29 &#8211; 19,92<\/p>\n<p>4.Ad\u0131 Mutluluk 5.B\u00f6l\u00fcm (Fox Tv)&#8230;&#8230;&#8230;&#8230;&#8230;&#8230;..4,81 &#8211; 18,11<\/p>\n<p>5.\u00c7ilek Kokusu 5.B\u00f6l\u00fcm (Star)&#8230;&#8230;&#8230;&#8230;&#8230;&#8230;&#8230;&#8230;.4,29 &#8211; 16,43<\/p>\n<p>6.Kalbim E\u011fe&#8217;de Kald\u0131 5.B\u00f6l\u00fcm (Kanal D)&#8230;&#8230;.3,92 &#8211; 14,92<\/p>\n<p>7.\u0130li\u015fki Durumu Kar\u0131\u015f\u0131k 4.B\u00f6l\u00fcm Show Tv&#8230;&#8230;3,56 &#8211; 14,85<\/p>\n<p>8.Yaz\u0131n \u00d6yk\u00fcs\u00fc 4.B\u00f6l\u00fcm Kanal D&#8230;&#8230;&#8230;&#8230;&#8230;&#8230;..3,49 &#8211; 14,03<\/p>\n<p>9.\u0130nad\u0131na A\u015fk 5.B\u00f6l\u00fcm (Fox Tv)&#8230;&#8230;&#8230;&#8230;&#8230;&#8230;&#8230;.3,32 &#8211; 12,88<\/p>\n<p>10.Sen benimsin 5.B\u00f6l\u00fcm (Fox Tv)&#8230;&#8230;&#8230;&#8230;&#8230;&#8230;1,79 &#8211; 8,42<\/p>\n<p>&nbsp;<\/p>\n<p>&nbsp;<\/p>\n<p><strong>AB\u2019de ilk 10:<\/strong><\/p>\n<p>1.G\u00fcne\u015fin K\u0131zlar\u0131 6.B\u00f6l\u00fcm (Kanal D)&#8230;&#8230;&#8230;&#8230;&#8230;.6,81 &#8211; 24,18<\/p>\n<p>2.Kiral\u0131k A\u015fk 6.B\u00f6l\u00fcm (Star)&#8230;&#8230;&#8230;&#8230;&#8230;&#8230;&#8230;&#8230;&#8230;&#8230;6,20 &#8211; 28,07<\/p>\n<p>3.\u00c7ilek Kokusu 5.B\u00f6l\u00fcm (Star)&#8230;&#8230;&#8230;&#8230;&#8230;&#8230;&#8230;&#8230;..6,20 &#8211; 21,80<\/p>\n<p>4.Yaz\u0131n \u00d6yk\u00fcs\u00fc 4.B\u00f6l\u00fcm Kanal D&#8230;&#8230;&#8230;&#8230;&#8230;&#8230;&#8230;.4,29 &#8211; 18,42<\/p>\n<p>5.Ad\u0131 Mutluluk 5.B\u00f6l\u00fcm (Fox Tv)&#8230;&#8230;&#8230;&#8230;&#8230;&#8230;&#8230;.3,91 &#8211; 16,11<\/p>\n<p>6.\u0130nad\u0131na A\u015fk 5.B\u00f6l\u00fcm (Fox Tv)&#8230;&#8230;&#8230;&#8230;&#8230;&#8230;&#8230;&#8230;3,99 &#8211; 13,92<\/p>\n<p>7.Kalbim E\u011fe&#8217;de Kald\u0131 5.B\u00f6l\u00fcm (Kanal D)&#8230;&#8230;&#8230;3,63 &#8211; 12,91<\/p>\n<p>8.K\u0131rg\u0131n \u00c7i\u00e7ekler 4.B\u00f6l\u00fcm Atv &#8230;&#8230;&#8230;&#8230;&#8230;&#8230;&#8230;&#8230;&#8230;3,53 &#8211; 15,16<\/p>\n<p>9.Tatl\u0131 K\u00fc\u00e7\u00fck Yalanc\u0131lar 3.B\u00f6l\u00fcm (Star Tv)&#8230;..2,75 &#8211; 11,42<\/p>\n<p>10.\u0130li\u015fki Durumu Kar\u0131\u015f\u0131k 4.B\u00f6l\u00fcm Show Tv&#8230;&#8230;..2,18 &#8211; 12,34<\/p>\n<p>&nbsp;<\/p>\n<p>&nbsp;<\/p>\n<p><strong>TOTAL VE AB Grubunda reytingleri en y\u00fcksek olana ilk 6 s\u0131ralamas\u0131:<\/strong><\/p>\n<p><strong>1<\/strong> &#8211; Star Tv&#8217;nin Kiral\u0131k A\u015fk 6.B\u00f6l\u00fcmde Total&#8217;de ald\u0131\u011f\u0131 8,62 reyting y\u00fczdesi ile ile en be\u011fenilen diziler aras\u0131nda ilk s\u0131rada \u00a0yer al\u0131yor. AB&#8217;de ise 2.s\u0131rada yer alm\u0131\u015ft\u0131r.. Defne (El\u00e7in Sangu) ile \u00d6mer (Bar\u0131\u015f Ardu\u00e7) a\u015fk\u0131n\u0131 g\u00f6zler ve kalpler tasdik ediyor ama, diller s\u00f6yleyemiyor.\u00d6mer Defne&#8217;nin kendisine a\u015f\u0131k oldu\u011funu anlad\u0131. Ald\u0131\u011f\u0131 do\u011fum g\u00fcn\u00fc hediyesini niye kendisinin vermedi\u011fini anlam\u0131\u015f de\u011filim.<\/p>\n<p><a href=\"http:\/\/balcilar-blog.com\/wp-content\/uploads\/2015\/07\/kiral\u0131k-a\u015fk.jpg\"><img loading=\"lazy\" decoding=\"async\" class=\"alignnone size-full wp-image-10188\" src=\"http:\/\/balcilar-blog.com\/wp-content\/uploads\/2015\/07\/kiral\u0131k-a\u015fk.jpg\" alt=\"kiral\u0131k a\u015fk\" width=\"598\" height=\"480\" srcset=\"https:\/\/balcilar-blog.com\/wp-content\/uploads\/2015\/07\/kiral\u0131k-a\u015fk.jpg 598w, https:\/\/balcilar-blog.com\/wp-content\/uploads\/2015\/07\/kiral\u0131k-a\u015fk-300x241.jpg 300w\" sizes=\"auto, (max-width: 598px) 100vw, 598px\" \/><\/a><\/p>\n<p>&nbsp;<\/p>\n<p><b>2<\/b> -G\u00fcne\u015fin K\u0131zlar\u0131&#8217;nda, G\u00fcne\u015f kocas\u0131 Haluk&#8217;da bir gariplik oldu\u011funu anlar. S\u0131ralamada AB&#8217;de 6,81 ile 2.s\u0131rada, Total&#8217;de 6,45 ile 2.s\u0131rada yer al\u0131yor.<\/p>\n<p><a href=\"http:\/\/balcilar-blog.com\/wp-content\/uploads\/2015\/07\/gunesin-kizlari-izle-com-bolumleri.jpg\"><img loading=\"lazy\" decoding=\"async\" class=\"alignnone size-full wp-image-10187\" src=\"http:\/\/balcilar-blog.com\/wp-content\/uploads\/2015\/07\/gunesin-kizlari-izle-com-bolumleri.jpg\" alt=\"gunesin-kizlari-izle-com-bolumleri\" width=\"640\" height=\"429\" srcset=\"https:\/\/balcilar-blog.com\/wp-content\/uploads\/2015\/07\/gunesin-kizlari-izle-com-bolumleri.jpg 640w, https:\/\/balcilar-blog.com\/wp-content\/uploads\/2015\/07\/gunesin-kizlari-izle-com-bolumleri-300x201.jpg 300w\" sizes=\"auto, (max-width: 640px) 100vw, 640px\" \/><\/a><\/p>\n<p>&nbsp;<\/p>\n<p><b>3<\/b> &#8211;\u00a0\u00c7ilek Kokusu, bu hafta s\u0131ralamada AB&#8217;de 6,20 \u00a0reytingle 3.s\u0131rada yer alm\u0131\u015ft\u0131r. Total&#8217;de 4,29 ile 4.s\u0131rada yer ald\u0131.<\/p>\n<p><a href=\"http:\/\/balcilar-blog.com\/wp-content\/uploads\/2015\/07\/29032-\u00e7ilek-kokusu.jpg\"><img loading=\"lazy\" decoding=\"async\" class=\"alignnone size-full wp-image-10184\" src=\"http:\/\/balcilar-blog.com\/wp-content\/uploads\/2015\/07\/29032-\u00e7ilek-kokusu.jpg\" alt=\"29032 \u00e7ilek kokusu\" width=\"640\" height=\"427\" srcset=\"https:\/\/balcilar-blog.com\/wp-content\/uploads\/2015\/07\/29032-\u00e7ilek-kokusu.jpg 640w, https:\/\/balcilar-blog.com\/wp-content\/uploads\/2015\/07\/29032-\u00e7ilek-kokusu-300x200.jpg 300w\" sizes=\"auto, (max-width: 640px) 100vw, 640px\" \/><\/a><\/p>\n<p>&nbsp;<\/p>\n<p><b>4<\/b> &#8211; K\u0131rg\u0131n \u00c7i\u00e7ekler, kimsesizler yurdunda kalan 5 gen\u00e7 k\u0131z\u0131n farkl\u0131 dram\u0131n\u0131 anlat\u0131yor. Bu hafta Eyl\u00fcl&#8217;\u00fcn \u00fcvey bas\u0131n\u0131 \u00f6ld\u00fcr\u00fcp denize at\u0131yorlar. \u00a0Total&#8217;de 5,29 ile 3.s\u0131rada, AB&#8217;de ise 3,53 ile 6.s\u0131radan 8.s\u0131raya gerilemi\u015ftir.<\/p>\n<p><a href=\"http:\/\/balcilar-blog.com\/wp-content\/uploads\/2015\/07\/1437535318_screen.resim_.divxdizi.com-2015-0.jpg\"><img loading=\"lazy\" decoding=\"async\" class=\"size-full wp-image-10185\" src=\"http:\/\/balcilar-blog.com\/wp-content\/uploads\/2015\/07\/1437535318_screen.resim_.divxdizi.com-2015-0.jpg\" alt=\"CREATOR: gd-jpeg v1.0 (using IJG JPEG v62), quality = 85\" width=\"640\" height=\"421\" srcset=\"https:\/\/balcilar-blog.com\/wp-content\/uploads\/2015\/07\/1437535318_screen.resim_.divxdizi.com-2015-0.jpg 640w, https:\/\/balcilar-blog.com\/wp-content\/uploads\/2015\/07\/1437535318_screen.resim_.divxdizi.com-2015-0-300x197.jpg 300w\" sizes=\"auto, (max-width: 640px) 100vw, 640px\" \/><\/a><\/p>\n<p>&nbsp;<\/p>\n<p><strong>5<\/strong> &#8211; Fox Tv&#8217;nin Ad\u0131 Mutluluk 5. b\u00f6l\u00fcm\u00fcnde her iki grupta Total&#8217;de yine ge\u00e7en hafta oldu\u011fu gibi 5.s\u0131rada, AB&#8217;de 5.s\u0131raya yer alm\u0131\u015ft\u0131r.<\/p>\n<p><a href=\"http:\/\/balcilar-blog.com\/wp-content\/uploads\/2015\/07\/fft99_mf5849798.jpeg\"><img loading=\"lazy\" decoding=\"async\" class=\"alignnone size-full wp-image-10186\" src=\"http:\/\/balcilar-blog.com\/wp-content\/uploads\/2015\/07\/fft99_mf5849798.jpeg\" alt=\"fft99_mf5849798\" width=\"640\" height=\"355\" srcset=\"https:\/\/balcilar-blog.com\/wp-content\/uploads\/2015\/07\/fft99_mf5849798.jpeg 640w, https:\/\/balcilar-blog.com\/wp-content\/uploads\/2015\/07\/fft99_mf5849798-300x166.jpeg 300w\" sizes=\"auto, (max-width: 640px) 100vw, 640px\" \/><\/a><\/p>\n<p>&nbsp;<\/p>\n<p><strong>6<\/strong> &#8211; Kanal D&#8217;nin Yaz\u0131n \u00d6yk\u00fcs\u00fc dizisi bu hafta AB&#8217;de ald\u0131\u011f\u0131 4,29 puan ile 6.s\u0131rada yer alm\u0131\u015ft\u0131r. Total&#8217;de 4.s\u0131rada yer almaktad\u0131r.<\/p>\n<p><a href=\"http:\/\/balcilar-blog.com\/wp-content\/uploads\/2015\/07\/yazin-oykusu-4.jpg\"><img loading=\"lazy\" decoding=\"async\" class=\"alignnone size-full wp-image-10189\" src=\"http:\/\/balcilar-blog.com\/wp-content\/uploads\/2015\/07\/yazin-oykusu-4.jpg\" alt=\"yazin-oykusu-4\" width=\"640\" height=\"363\" srcset=\"https:\/\/balcilar-blog.com\/wp-content\/uploads\/2015\/07\/yazin-oykusu-4.jpg 640w, https:\/\/balcilar-blog.com\/wp-content\/uploads\/2015\/07\/yazin-oykusu-4-300x170.jpg 300w\" sizes=\"auto, (max-width: 640px) 100vw, 640px\" \/><\/a><\/p>\n<p>&nbsp;<\/p>\n<p>Her iki kategorinin ilk onunda yer alan diziler: Tatl\u0131 K\u00fc\u00e7\u00fck Yalanc\u0131lar sadece AB&#8217;de yer alm\u0131\u015f, di\u011fer 9 dizi hem Total grubunda, hem de AB&#8217;de yer alan \u00a0diziler oldu\u011funu g\u00f6r\u00fcyoruz.<\/p>\n<p>Kanallara g\u00f6re s\u0131ralamaya g\u00f6z atarsak:<\/p>\n<p>Total\u2019de ilk onda,Kanal D ve Fox Tv \u00a03&#8217;er, Star Tv 2 dizi, Atv ve Show birer dizi ile yer alm\u0131\u015ft\u0131r.<\/p>\n<p>AB grubunda Kanal D ve Star Tv 3 dizi, Star, Fox Tv. 2 dizi, Atv ve Show bir dizisi ile yer alm\u0131\u015ft\u0131r.<\/p>\n<p>Yaz dizilerinin tamam\u0131 kanallarda yay\u0131na girmi\u015ftir. Aralar\u0131nda k\u0131yas\u0131ya bir yar\u0131\u015f devam ediyor. Ancak al\u0131nan reyting y\u00fczdelerinin olduk\u00e7a d\u00fc\u015f\u00fck oldu\u011funu g\u00f6r\u00fcyoruz. Hep s\u00f6yledi\u011fim gibi rekabet kaliteyi getirir.<\/p>\n<p>\u0130yi Seyirler.<\/p>\n<p>Sayg\u0131lar ve sevgiler.<\/p>\n<p>Abdurrahman Balc\u0131lar<\/p>\n<p>Twitter: abdurrahman balc\u0131lar@abbalcilar<\/p>\n<p>Mail : <a href=\"mailto:ab.balcilar@hotmail.com\">ab.balcilar@hotmail.com<\/a><\/p>\n<p>Blog:\u00a0<a href=\"http:\/\/t.co\/znqmIZgIqn\">blog.milliyet.com.tr\/cansever<\/a><\/p>\n<p>Blog:\u00a0<strong>balcilar<\/strong>\u2013<strong>blog.com<\/strong><\/p>\n<p>Not: G\u00f6rseller taraf\u0131mdan \u0130nternetten, dizi reytingleri TNS \u00f6l\u00e7\u00fcmlerinden al\u0131nm\u0131\u015ft\u0131r.<\/p>\n<p>&nbsp;<\/p>\n","protected":false},"excerpt":{"rendered":"<p>TNS \u00f6l\u00e7\u00fcmlerine g\u00f6re haz\u0131rlad\u0131\u011f\u0131m 20 &#8211; 26 Temmuz 2015 Tarihleri aras\u0131nda ekranlar\u0131m\u0131za gelen, Total\u2019de ve AB\u2019de ilk 10&#8217;a giren, haftan\u0131n dizi karnesini a\u015fa\u011f\u0131da bilgilerinize sunuyorum. Art\u0131k t\u00fcm sezon \u00a0dizileri bitti. Art\u0131k meydan yazl\u0131k dizelere kald\u0131. Ge\u00e7en haftalarda Kara Para A\u015fk, Medcezir, Karaday\u0131 ve G\u00fczel K\u00f6yl\u00fc final yaparak yar\u0131\u015ftan \u00e7ekildiler. Parampar\u00e7a, Kaderimin Yaz\u0131ld\u0131\u011f\u0131 G\u00fcn, A\u015fk Yeniden, [&hellip;]<\/p>\n","protected":false},"author":3,"featured_media":0,"comment_status":"open","ping_status":"open","sticky":false,"template":"","format":"standard","meta":{"footnotes":""},"categories":[2],"tags":[598,129,91,25,44],"class_list":["post-10183","post","type-post","status-publish","format-standard","hentry","category-tv-programlari","tag-dizilerin-karnesi","tag-fox-tv","tag-kanal-d","tag-star-tv","tag-tns-olcumler"],"views":3665,"blog_post_layout_featured_media_urls":{"thumbnail":"","full":""},"categories_names":{"2":{"name":"TV Programlar\u0131","link":"https:\/\/balcilar-blog.com\/?cat=2"}},"tags_names":{"598":{"name":"Dizilerin Karnesi","link":"https:\/\/balcilar-blog.com\/?tag=dizilerin-karnesi"},"129":{"name":"Fox Tv","link":"https:\/\/balcilar-blog.com\/?tag=fox-tv"},"91":{"name":"Kanal D","link":"https:\/\/balcilar-blog.com\/?tag=kanal-d"},"25":{"name":"Star Tv","link":"https:\/\/balcilar-blog.com\/?tag=star-tv"},"44":{"name":"TNS \u00d6l\u00e7\u00fcmler","link":"https:\/\/balcilar-blog.com\/?tag=tns-olcumler"}},"comments_number":"0","wpmagazine_modules_lite_featured_media_urls":{"thumbnail":"","cvmm-medium":"","cvmm-medium-plus":"","cvmm-portrait":"","cvmm-medium-square":"","cvmm-large":"","cvmm-small":"","full":""},"_links":{"self":[{"href":"https:\/\/balcilar-blog.com\/index.php?rest_route=\/wp\/v2\/posts\/10183","targetHints":{"allow":["GET"]}}],"collection":[{"href":"https:\/\/balcilar-blog.com\/index.php?rest_route=\/wp\/v2\/posts"}],"about":[{"href":"https:\/\/balcilar-blog.com\/index.php?rest_route=\/wp\/v2\/types\/post"}],"author":[{"embeddable":true,"href":"https:\/\/balcilar-blog.com\/index.php?rest_route=\/wp\/v2\/users\/3"}],"replies":[{"embeddable":true,"href":"https:\/\/balcilar-blog.com\/index.php?rest_route=%2Fwp%2Fv2%2Fcomments&post=10183"}],"version-history":[{"count":1,"href":"https:\/\/balcilar-blog.com\/index.php?rest_route=\/wp\/v2\/posts\/10183\/revisions"}],"predecessor-version":[{"id":10191,"href":"https:\/\/balcilar-blog.com\/index.php?rest_route=\/wp\/v2\/posts\/10183\/revisions\/10191"}],"wp:attachment":[{"href":"https:\/\/balcilar-blog.com\/index.php?rest_route=%2Fwp%2Fv2%2Fmedia&parent=10183"}],"wp:term":[{"taxonomy":"category","embeddable":true,"href":"https:\/\/balcilar-blog.com\/index.php?rest_route=%2Fwp%2Fv2%2Fcategories&post=10183"},{"taxonomy":"post_tag","embeddable":true,"href":"https:\/\/balcilar-blog.com\/index.php?rest_route=%2Fwp%2Fv2%2Ftags&post=10183"}],"curies":[{"name":"wp","href":"https:\/\/api.w.org\/{rel}","templated":true}]}}