{"id":10070,"date":"2015-07-15T12:30:14","date_gmt":"2015-07-15T09:30:14","guid":{"rendered":"http:\/\/balcilar-blog.com\/?p=10070"},"modified":"2015-07-15T12:47:56","modified_gmt":"2015-07-15T09:47:56","slug":"kucuk-geline-arzu-yanardagdan-sonra-bir-yildiz-daha","status":"publish","type":"post","link":"https:\/\/balcilar-blog.com\/?p=10070","title":{"rendered":"K\u00fc\u00e7\u00fck Gelin&#8217;e Arzu Yanarda\u011f&#8217;dan sonra bir y\u0131ld\u0131z daha!"},"content":{"rendered":"<p><a href=\"http:\/\/balcilar-blog.com\/wp-content\/uploads\/2015\/07\/26463914-k\u00fc\u00e7\u00fck-gelin.jpg\"><img loading=\"lazy\" decoding=\"async\" class=\"alignnone size-full wp-image-10077\" src=\"http:\/\/balcilar-blog.com\/wp-content\/uploads\/2015\/07\/26463914-k\u00fc\u00e7\u00fck-gelin.jpg\" alt=\"26463914 k\u00fc\u00e7\u00fck gelin\" width=\"640\" height=\"366\" srcset=\"https:\/\/balcilar-blog.com\/wp-content\/uploads\/2015\/07\/26463914-k\u00fc\u00e7\u00fck-gelin.jpg 640w, https:\/\/balcilar-blog.com\/wp-content\/uploads\/2015\/07\/26463914-k\u00fc\u00e7\u00fck-gelin-300x172.jpg 300w\" sizes=\"auto, (max-width: 640px) 100vw, 640px\" \/><\/a><\/p>\n<p>Ge\u00e7ti\u011fimiz g\u00fcnlerde\u00a0<strong>Arzu Yanarda\u011f<\/strong>\u2019\u0131 kadrosuna katan Samanyolu Tv&#8217;nin K\u00fc\u00e7\u00fck Gelin dizisi, \u00fcnl\u00fc bir oyuncuyu daha transfer etti.<\/p>\n<p>K\u00fc\u00e7\u00fck Gelin\u2019e bir y\u0131ld\u0131z daha\u2026 Arzu Yanarda\u011f\u2019\u0131n partneri <strong>Arda Esen<\/strong> oldu.<\/p>\n<p>Arda Esen, Ankara \u00dcniversitesi Kamu Y\u00f6netimi mezunudur. Tiyatroya 1990\u2019da Kartal Lisesi Tiyatro Kolu\u2019nda ba\u015flad\u0131 ve 1993 y\u0131l\u0131nda Tuncay \u00d6zinel Tiyatro ailesine kat\u0131larak devam etti. Daha sonra oyunculuk \u00e7al\u0131\u015fmalar\u0131na Tiyatro Mie, \u00c7a\u011fda\u015f Sahne ve Tiyatro Kare\u2019de \u00e7e\u015fitli oyunlarda roller alarak devam etti.<\/p>\n<p>Tiyatro Kare taraf\u0131ndan sahnelenen Bir Demet Yasemen m\u00fczikaliyle T\u00fcrkiye\u2019nin b\u00fct\u00fcn a\u00e7\u0131k hava tiyatrolar\u0131nda oynama keyfini ya\u015fatt\u0131.<\/p>\n<p><a href=\"http:\/\/balcilar-blog.com\/wp-content\/uploads\/2015\/07\/arda-esen.jpg\"><img loading=\"lazy\" decoding=\"async\" class=\"alignnone size-full wp-image-10073\" src=\"http:\/\/balcilar-blog.com\/wp-content\/uploads\/2015\/07\/arda-esen.jpg\" alt=\"arda esen\" width=\"640\" height=\"319\" srcset=\"https:\/\/balcilar-blog.com\/wp-content\/uploads\/2015\/07\/arda-esen.jpg 640w, https:\/\/balcilar-blog.com\/wp-content\/uploads\/2015\/07\/arda-esen-300x150.jpg 300w\" sizes=\"auto, (max-width: 640px) 100vw, 640px\" \/><\/a><\/p>\n<p>Ankara, 1975 do\u011fumlu olan Arda Esen sinema filmi ve dizilerde oyunculuk yapt\u0131. Mahallenin Muhtarlar\u0131, Zeynep, Hayat Ba\u011flar\u0131, Savunma, \u00c7ifte Bela, Esta\u011ffurullah Yoku\u015fu, Ruhun Duymaz, Ev Hapsi, Tad\u0131m\u0131z Ka\u00e7mas\u0131n, \u00dc\u00e7 Kad\u0131n, Doktorlar, R\u00fcyamda Bulu\u015furuz, Yaprak D\u00f6k\u00fcm\u00fc, Ge\u00e7erken U\u011frad\u0131m, \u015e\u00f6len, IV.Osman, Kahramanlar, Papatyam, U\u00e7urum, \u0130bret-i Alem, ve Kalp H\u0131rs\u0131z\u0131 gibi bir \u00e7ok dizide oynam\u0131\u015ft\u0131r. Ayr\u0131ca baz\u0131 dizilerde, Necati \u015fa\u015fmaz gibi baz\u0131 \u00fcnl\u00fc oyuncular i\u00e7in seslendirme yapm\u0131\u015ft\u0131r.<\/p>\n<p><a href=\"http:\/\/balcilar-blog.com\/wp-content\/uploads\/2015\/07\/kucukgelin-1.jpg\"><img loading=\"lazy\" decoding=\"async\" class=\"alignnone size-full wp-image-10075\" src=\"http:\/\/balcilar-blog.com\/wp-content\/uploads\/2015\/07\/kucukgelin-1.jpg\" alt=\"kucukgelin (1)\" width=\"640\" height=\"360\" srcset=\"https:\/\/balcilar-blog.com\/wp-content\/uploads\/2015\/07\/kucukgelin-1.jpg 640w, https:\/\/balcilar-blog.com\/wp-content\/uploads\/2015\/07\/kucukgelin-1-300x169.jpg 300w\" sizes=\"auto, (max-width: 640px) 100vw, 640px\" \/><\/a><\/p>\n<p><a href=\"http:\/\/balcilar-blog.com\/wp-content\/uploads\/2015\/07\/kucukgelin-2.jpg\"><img loading=\"lazy\" decoding=\"async\" class=\"alignnone size-full wp-image-10076\" src=\"http:\/\/balcilar-blog.com\/wp-content\/uploads\/2015\/07\/kucukgelin-2.jpg\" alt=\"kucukgelin (2)\" width=\"640\" height=\"360\" srcset=\"https:\/\/balcilar-blog.com\/wp-content\/uploads\/2015\/07\/kucukgelin-2.jpg 640w, https:\/\/balcilar-blog.com\/wp-content\/uploads\/2015\/07\/kucukgelin-2-300x169.jpg 300w\" sizes=\"auto, (max-width: 640px) 100vw, 640px\" \/><\/a><\/p>\n<p><a href=\"http:\/\/balcilar-blog.com\/wp-content\/uploads\/2015\/07\/kucukgelin-3.jpg\"><img loading=\"lazy\" decoding=\"async\" class=\"alignnone size-full wp-image-10071\" src=\"http:\/\/balcilar-blog.com\/wp-content\/uploads\/2015\/07\/kucukgelin-3.jpg\" alt=\"kucukgelin (3)\" width=\"640\" height=\"360\" srcset=\"https:\/\/balcilar-blog.com\/wp-content\/uploads\/2015\/07\/kucukgelin-3.jpg 640w, https:\/\/balcilar-blog.com\/wp-content\/uploads\/2015\/07\/kucukgelin-3-300x169.jpg 300w\" sizes=\"auto, (max-width: 640px) 100vw, 640px\" \/><\/a><\/p>\n<p>Sezona olduk\u00e7a iddial\u0131 haz\u0131rlanan Samanyolu TV\u2019nin K\u00fc\u00e7\u00fck Gelin dizisi\u00a0<strong>Arzu Yanarda\u011f<\/strong>\u2019dan sonra \u00fcnl\u00fc oyuncu\u00a0<strong>Arda Esen<\/strong>\u2019le de anla\u015fmaya vard\u0131. K\u0131sa bir aran\u0131n ard\u0131ndan yeniden ekrana d\u00f6nen Esen, dizide Arzu Yanarda\u011f\u2019\u0131n partnerini oynayacak. Dizi i\u00e7in yeni bir imaja b\u00fcr\u00fcnen \u00fcnl\u00fc oyuncu, 30 A\u011fustos\u2019ta ba\u015flayacak K\u00fc\u00e7\u00fck Gelin\u2019de ilk b\u00f6l\u00fcm\u00fcnden itibaren rol almaya ba\u015flayacak.<\/p>\n<p>\u0130ki y\u0131ld\u0131z oyuncuyu kadrosuna katan dizinin yeni sezon b\u00f6l\u00fcmleri olduk\u00e7a heyecanl\u0131 ge\u00e7ece\u011fe benziyor.<\/p>\n<p>\u0130yi Seyirler.<\/p>\n<p>Sayg\u0131lar ve sevgiler.<\/p>\n<p>Abdurrahman Balc\u0131lar<\/p>\n<p>Twitter: abdurrahman balc\u0131lar@abbalcilar<\/p>\n<p>Mail : <a href=\"mailto:ab.balcilar@hotmail.com\">ab.balcilar@hotmail.com<\/a><\/p>\n<p>Blog:\u00a0<a href=\"http:\/\/t.co\/znqmIZgIqn\">blog.milliyet.com.tr\/cansever<\/a><\/p>\n<p>Blog:\u00a0<strong>balcilar<\/strong>&#8211;<strong>blog.com<\/strong><\/p>\n<p>&nbsp;<\/p>\n<p>Not: Haber ve g\u00f6rseler Samanyolu Televizyonu Bas\u0131n B\u00fclteninden al\u0131nm\u0131\u015ft\u0131r.<\/p>\n<p>&nbsp;<\/p>\n","protected":false},"excerpt":{"rendered":"<p>Ge\u00e7ti\u011fimiz g\u00fcnlerde\u00a0Arzu Yanarda\u011f\u2019\u0131 kadrosuna katan Samanyolu Tv&#8217;nin K\u00fc\u00e7\u00fck Gelin dizisi, \u00fcnl\u00fc bir oyuncuyu daha transfer etti. K\u00fc\u00e7\u00fck Gelin\u2019e bir y\u0131ld\u0131z daha\u2026 Arzu Yanarda\u011f\u2019\u0131n partneri Arda Esen oldu. Arda Esen, Ankara \u00dcniversitesi Kamu Y\u00f6netimi mezunudur. Tiyatroya 1990\u2019da Kartal Lisesi Tiyatro Kolu\u2019nda ba\u015flad\u0131 ve 1993 y\u0131l\u0131nda Tuncay \u00d6zinel Tiyatro ailesine kat\u0131larak devam etti. Daha sonra oyunculuk \u00e7al\u0131\u015fmalar\u0131na [&hellip;]<\/p>\n","protected":false},"author":3,"featured_media":0,"comment_status":"open","ping_status":"open","sticky":false,"template":"","format":"standard","meta":{"footnotes":""},"categories":[2],"tags":[772,769,725],"class_list":["post-10070","post","type-post","status-publish","format-standard","hentry","category-tv-programlari","tag-arda-esen","tag-kucuk-gelin","tag-samanyolu-tv"],"views":4724,"blog_post_layout_featured_media_urls":{"thumbnail":"","full":""},"categories_names":{"2":{"name":"TV Programlar\u0131","link":"https:\/\/balcilar-blog.com\/?cat=2"}},"tags_names":{"772":{"name":"Arda Esen","link":"https:\/\/balcilar-blog.com\/?tag=arda-esen"},"769":{"name":"K\u00fc\u00e7\u00fck Gelin","link":"https:\/\/balcilar-blog.com\/?tag=kucuk-gelin"},"725":{"name":"Samanyolu Tv","link":"https:\/\/balcilar-blog.com\/?tag=samanyolu-tv"}},"comments_number":"0","wpmagazine_modules_lite_featured_media_urls":{"thumbnail":"","cvmm-medium":"","cvmm-medium-plus":"","cvmm-portrait":"","cvmm-medium-square":"","cvmm-large":"","cvmm-small":"","full":""},"_links":{"self":[{"href":"https:\/\/balcilar-blog.com\/index.php?rest_route=\/wp\/v2\/posts\/10070","targetHints":{"allow":["GET"]}}],"collection":[{"href":"https:\/\/balcilar-blog.com\/index.php?rest_route=\/wp\/v2\/posts"}],"about":[{"href":"https:\/\/balcilar-blog.com\/index.php?rest_route=\/wp\/v2\/types\/post"}],"author":[{"embeddable":true,"href":"https:\/\/balcilar-blog.com\/index.php?rest_route=\/wp\/v2\/users\/3"}],"replies":[{"embeddable":true,"href":"https:\/\/balcilar-blog.com\/index.php?rest_route=%2Fwp%2Fv2%2Fcomments&post=10070"}],"version-history":[{"count":4,"href":"https:\/\/balcilar-blog.com\/index.php?rest_route=\/wp\/v2\/posts\/10070\/revisions"}],"predecessor-version":[{"id":10082,"href":"https:\/\/balcilar-blog.com\/index.php?rest_route=\/wp\/v2\/posts\/10070\/revisions\/10082"}],"wp:attachment":[{"href":"https:\/\/balcilar-blog.com\/index.php?rest_route=%2Fwp%2Fv2%2Fmedia&parent=10070"}],"wp:term":[{"taxonomy":"category","embeddable":true,"href":"https:\/\/balcilar-blog.com\/index.php?rest_route=%2Fwp%2Fv2%2Fcategories&post=10070"},{"taxonomy":"post_tag","embeddable":true,"href":"https:\/\/balcilar-blog.com\/index.php?rest_route=%2Fwp%2Fv2%2Ftags&post=10070"}],"curies":[{"name":"wp","href":"https:\/\/api.w.org\/{rel}","templated":true}]}}